{"id":3108,"date":"2019-04-02T14:31:12","date_gmt":"2019-04-02T14:31:12","guid":{"rendered":"http:\/\/arroyitoonline.com.ar\/?p=3108"},"modified":"2019-04-03T03:50:41","modified_gmt":"2019-04-03T03:50:41","slug":"malvinas-la-escuela-claudio-cesar-juarez-fue-sede-del-acto-oficial","status":"publish","type":"post","link":"https:\/\/arroyitoonline.com.ar\/?p=3108","title":{"rendered":"Malvinas: la Escuela Claudio C\u00e9sar Ju\u00e1rez fue sede del acto oficial"},"content":{"rendered":"\n<p><strong>El lunes 1\u00ba, v\u00edspera del D\u00eda del Veterano y de los Ca\u00eddos en la Guerra, el establecimiento educativo recibi\u00f3 y homenaje\u00f3 a los excombatientes. <\/strong><\/p>\n\n\n\n<p>Este lunes 1 de abril, la escuela Claudio C\u00e9sar Ju\u00e1rez fue sede del acto oficial en conmemoraci\u00f3n al 37\u00b0 Aniversario de la Guerra de Malvinas. <\/p>\n\n\n\n<p>Del evento participaron las autoridades, docentes y alumnos anfitriones, adem\u00e1s del intendente Mauricio Cravero, la viceintendente Graciela Tristany, el secretario de Gobierno Ignacio Cabello, la directora de Cultura Viviana Sam Sam y algunos de los excombatientes del Centro de Veteranos de Guerra Circuito Arroyito: Dante Oron\u00e1 y Luis Mart\u00ednez junto a j\u00f3venes miembros de Generaci\u00f3n Malvinas.<\/p>\n\n\n\n<p>Como siempre, el acto dio inicio con la entrada de las banderas de ceremonias y la interpretaci\u00f3n del Himno Nacional Argentino. Luego vinieron las palabras alusivas y, a continuaci\u00f3n mediante videos, recordaron la historia desde 1976, 1978, 1982 y hasta 1983, cuando regres\u00f3 la democracia a nuestro pa\u00eds. Tambi\u00e9n homenajearon a los soldados que lucharon y murieron durante el conflicto armado en Malvinas.<\/p>\n\n\n\n<p>Despu\u00e9s, los excombatientes pasaron al frente, y manifestaron el sentimiento de dolor y recuerdos de aquellos que murieron por nuestra patria.<\/p>\n\n\n\n<p>Por su parte, Cravero expres\u00f3 que <em>&#8220;El 2 de abril nos convoca a repensar la historia. Creo que el mejor homenaje que podemos hacerles es que cada escuela y que cada alumno sepa nuestra historia y ellos sean los portavoces de lo que sucedi\u00f3 en aquellos a\u00f1os&#8221;<\/em>.<\/p>\n\n\n\n<p>Fuente: Prensa Municipal. <\/p>\n","protected":false},"excerpt":{"rendered":"<p>El lunes 1\u00ba, v\u00edspera del D\u00eda del Veterano y de los Ca\u00eddos en la Guerra, el establecimiento educativo recibi\u00f3 y&hellip;<\/p>\n","protected":false},"author":3,"featured_media":3109,"comment_status":"closed","ping_status":"open","sticky":false,"template":"","format":"standard","meta":{"footnotes":""},"categories":[830],"tags":[66,67,836,253,924,310,903,515,527,556,572],"class_list":["post-3108","post","type-post","status-publish","format-standard","has-post-thumbnail","hentry","category-educacion-online","tag-arroyito","tag-arroyito-cordoba","tag-arroyito-online","tag-cravero","tag-dia-del-veterano-y-de-los-caidos-en-la-guerra-de-malvinas","tag-educacion","tag-generacion-malvinas-arroyito","tag-malvinas","tag-mauricio-cravero","tag-municipalidad-de-arroyito","tag-noticias-de-arroyito-y-zona"],"_links":{"self":[{"href":"https:\/\/arroyitoonline.com.ar\/index.php?rest_route=\/wp\/v2\/posts\/3108","targetHints":{"allow":["GET"]}}],"collection":[{"href":"https:\/\/arroyitoonline.com.ar\/index.php?rest_route=\/wp\/v2\/posts"}],"about":[{"href":"https:\/\/arroyitoonline.com.ar\/index.php?rest_route=\/wp\/v2\/types\/post"}],"author":[{"embeddable":true,"href":"https:\/\/arroyitoonline.com.ar\/index.php?rest_route=\/wp\/v2\/users\/3"}],"replies":[{"embeddable":true,"href":"https:\/\/arroyitoonline.com.ar\/index.php?rest_route=%2Fwp%2Fv2%2Fcomments&post=3108"}],"version-history":[{"count":1,"href":"https:\/\/arroyitoonline.com.ar\/index.php?rest_route=\/wp\/v2\/posts\/3108\/revisions"}],"predecessor-version":[{"id":3110,"href":"https:\/\/arroyitoonline.com.ar\/index.php?rest_route=\/wp\/v2\/posts\/3108\/revisions\/3110"}],"wp:featuredmedia":[{"embeddable":true,"href":"https:\/\/arroyitoonline.com.ar\/index.php?rest_route=\/wp\/v2\/media\/3109"}],"wp:attachment":[{"href":"https:\/\/arroyitoonline.com.ar\/index.php?rest_route=%2Fwp%2Fv2%2Fmedia&parent=3108"}],"wp:term":[{"taxonomy":"category","embeddable":true,"href":"https:\/\/arroyitoonline.com.ar\/index.php?rest_route=%2Fwp%2Fv2%2Fcategories&post=3108"},{"taxonomy":"post_tag","embeddable":true,"href":"https:\/\/arroyitoonline.com.ar\/index.php?rest_route=%2Fwp%2Fv2%2Ftags&post=3108"}],"curies":[{"name":"wp","href":"https:\/\/api.w.org\/{rel}","templated":true}]}}