{"id":3115,"date":"2019-03-30T13:11:28","date_gmt":"2019-03-30T13:11:28","guid":{"rendered":"http:\/\/arroyitoonline.com.ar\/?p=3115"},"modified":"2019-04-03T13:16:46","modified_gmt":"2019-04-03T13:16:46","slug":"hogar-ancianos-juan-xxiii-raul-frontera-soplo-95-velitas","status":"publish","type":"post","link":"https:\/\/arroyitoonline.com.ar\/?p=3115","title":{"rendered":"Hogar Ancianos Juan XXIII: Ra\u00fal Frontera sopl\u00f3 95 velitas"},"content":{"rendered":"\n<p><strong>El habitante m\u00e1s antiguo de la dependencia, con 25 a\u00f1os de residencia, celebr\u00f3 con sus compa\u00f1eros y personal, un nuevo aniversario de su nacimiento.<\/strong><\/p>\n\n\n\n<p>D\u00edas pasados, en el Hogar de Ancianos San Juan XXIII festejaron con mucha satisfacci\u00f3n y alegr\u00eda, los 95 a\u00f1os de Ra\u00fal Ruperto Frontera, el cual hace 25 a\u00f1os que vive en el Hogar, siendo el residente m\u00e1s antiguo del establecimiento.<\/p>\n\n\n\n<p>En la oportunidad, sus compa\u00f1eros y el personal lo agasajaron, en un clima de armon\u00eda y felicidad.<\/p>\n\n\n\n<p>Adem\u00e1s, desde la direcci\u00f3n del Hogar informaron que <em>&#8220;tenemos el placer de comunicar que el adulto mayor Sergio Chiaramello obtuvo una bicicleta de tres ruedas, producto de su ahorro, juntando mes a mes el dinero para lograrlo&#8221;<\/em>. <\/p>\n\n\n\n<p>Fuente: Prensa Municipal. <\/p>\n","protected":false},"excerpt":{"rendered":"<p>El habitante m\u00e1s antiguo de la dependencia, con 25 a\u00f1os de residencia, celebr\u00f3 con sus compa\u00f1eros y personal, un nuevo&hellip;<\/p>\n","protected":false},"author":3,"featured_media":3116,"comment_status":"closed","ping_status":"open","sticky":false,"template":"","format":"standard","meta":{"footnotes":""},"categories":[829],"tags":[33,66,67,836,419,420,868,555,556,572],"class_list":["post-3115","post","type-post","status-publish","format-standard","has-post-thumbnail","hentry","category-municipales-online","tag-adultos-mayores","tag-arroyito","tag-arroyito-cordoba","tag-arroyito-online","tag-hogar-de-ancianos","tag-hogar-de-ancianos-arroyito","tag-municipales-online","tag-municipalidad","tag-municipalidad-de-arroyito","tag-noticias-de-arroyito-y-zona"],"_links":{"self":[{"href":"https:\/\/arroyitoonline.com.ar\/index.php?rest_route=\/wp\/v2\/posts\/3115","targetHints":{"allow":["GET"]}}],"collection":[{"href":"https:\/\/arroyitoonline.com.ar\/index.php?rest_route=\/wp\/v2\/posts"}],"about":[{"href":"https:\/\/arroyitoonline.com.ar\/index.php?rest_route=\/wp\/v2\/types\/post"}],"author":[{"embeddable":true,"href":"https:\/\/arroyitoonline.com.ar\/index.php?rest_route=\/wp\/v2\/users\/3"}],"replies":[{"embeddable":true,"href":"https:\/\/arroyitoonline.com.ar\/index.php?rest_route=%2Fwp%2Fv2%2Fcomments&post=3115"}],"version-history":[{"count":1,"href":"https:\/\/arroyitoonline.com.ar\/index.php?rest_route=\/wp\/v2\/posts\/3115\/revisions"}],"predecessor-version":[{"id":3117,"href":"https:\/\/arroyitoonline.com.ar\/index.php?rest_route=\/wp\/v2\/posts\/3115\/revisions\/3117"}],"wp:featuredmedia":[{"embeddable":true,"href":"https:\/\/arroyitoonline.com.ar\/index.php?rest_route=\/wp\/v2\/media\/3116"}],"wp:attachment":[{"href":"https:\/\/arroyitoonline.com.ar\/index.php?rest_route=%2Fwp%2Fv2%2Fmedia&parent=3115"}],"wp:term":[{"taxonomy":"category","embeddable":true,"href":"https:\/\/arroyitoonline.com.ar\/index.php?rest_route=%2Fwp%2Fv2%2Fcategories&post=3115"},{"taxonomy":"post_tag","embeddable":true,"href":"https:\/\/arroyitoonline.com.ar\/index.php?rest_route=%2Fwp%2Fv2%2Ftags&post=3115"}],"curies":[{"name":"wp","href":"https:\/\/api.w.org\/{rel}","templated":true}]}}