{"id":3118,"date":"2019-04-03T13:39:11","date_gmt":"2019-04-03T13:39:11","guid":{"rendered":"http:\/\/arroyitoonline.com.ar\/?p=3118"},"modified":"2019-04-03T13:39:13","modified_gmt":"2019-04-03T13:39:13","slug":"reeditan-el-curso-de-fotografia-en-la-casa-de-la-cultura","status":"publish","type":"post","link":"https:\/\/arroyitoonline.com.ar\/?p=3118","title":{"rendered":"Reeditan el Curso de Fotograf\u00eda en la Casa de la Cultura"},"content":{"rendered":"\n<p><strong>El viernes pasado, el fotoperiodista Walter Llanes, docente del taller, brind\u00f3 una charla informativa. Las inscripciones est\u00e1n abiertas. <\/strong><\/p>\n\n\n\n<p>Este viernes 5 de abril se reedita el Curso de Fotograf\u00eda que el fotoperiodista Walter Llanes dicta en la Casa de la Cultura Municipal, donde est\u00e1n abiertas las inscripciones, de lunes a viernes, de 8:00 a 19:00 horas. <\/p>\n\n\n\n<p><strong>Objetivo del Curso<\/strong><\/p>\n\n\n\n<p>\u00a1Sal\u00ed del modo autom\u00e1tico y aprend\u00e9 todo sobre el arte de la fotograf\u00eda!<\/p>\n\n\n\n<p>Convertite en un verdadero profesional e incorpor\u00e1 las t\u00e9cnicas necesarias para lograr el perfecto manejo de la c\u00e1mara y tomar fotos \u00fanicas.<\/p>\n\n\n\n<p>Este curso te otorgar\u00e1 todos los conocimientos: realizaci\u00f3n de la toma, manejo de la c\u00e1mara, modo manual, planos de encuadre, balance de blancos, manejo de las ISO, fotograf\u00eda nocturna y mucho m\u00e1s para que seas un experto en la industria fotogr\u00e1fica.<\/p>\n\n\n\n<p>\u00a1Captur\u00e1 el momento preciso y logr\u00e1 fotos de ensue\u00f1o!<\/p>\n\n\n\n<p>Fuente: Prensa Municipal. <\/p>\n","protected":false},"excerpt":{"rendered":"<p>El viernes pasado, el fotoperiodista Walter Llanes, docente del taller, brind\u00f3 una charla informativa. Las inscripciones est\u00e1n abiertas. Este viernes&hellip;<\/p>\n","protected":false},"author":3,"featured_media":3119,"comment_status":"closed","ping_status":"open","sticky":false,"template":"","format":"standard","meta":{"footnotes":""},"categories":[2],"tags":[66,67,836,864,385,555,556,572,749],"class_list":["post-3118","post","type-post","status-publish","format-standard","has-post-thumbnail","hentry","category-cultura-y-espectaculos","tag-arroyito","tag-arroyito-cordoba","tag-arroyito-online","tag-cultura-y-espectaculos-online","tag-fotografia","tag-municipalidad","tag-municipalidad-de-arroyito","tag-noticias-de-arroyito-y-zona","tag-talleres-culturales"],"_links":{"self":[{"href":"https:\/\/arroyitoonline.com.ar\/index.php?rest_route=\/wp\/v2\/posts\/3118","targetHints":{"allow":["GET"]}}],"collection":[{"href":"https:\/\/arroyitoonline.com.ar\/index.php?rest_route=\/wp\/v2\/posts"}],"about":[{"href":"https:\/\/arroyitoonline.com.ar\/index.php?rest_route=\/wp\/v2\/types\/post"}],"author":[{"embeddable":true,"href":"https:\/\/arroyitoonline.com.ar\/index.php?rest_route=\/wp\/v2\/users\/3"}],"replies":[{"embeddable":true,"href":"https:\/\/arroyitoonline.com.ar\/index.php?rest_route=%2Fwp%2Fv2%2Fcomments&post=3118"}],"version-history":[{"count":1,"href":"https:\/\/arroyitoonline.com.ar\/index.php?rest_route=\/wp\/v2\/posts\/3118\/revisions"}],"predecessor-version":[{"id":3121,"href":"https:\/\/arroyitoonline.com.ar\/index.php?rest_route=\/wp\/v2\/posts\/3118\/revisions\/3121"}],"wp:featuredmedia":[{"embeddable":true,"href":"https:\/\/arroyitoonline.com.ar\/index.php?rest_route=\/wp\/v2\/media\/3119"}],"wp:attachment":[{"href":"https:\/\/arroyitoonline.com.ar\/index.php?rest_route=%2Fwp%2Fv2%2Fmedia&parent=3118"}],"wp:term":[{"taxonomy":"category","embeddable":true,"href":"https:\/\/arroyitoonline.com.ar\/index.php?rest_route=%2Fwp%2Fv2%2Fcategories&post=3118"},{"taxonomy":"post_tag","embeddable":true,"href":"https:\/\/arroyitoonline.com.ar\/index.php?rest_route=%2Fwp%2Fv2%2Ftags&post=3118"}],"curies":[{"name":"wp","href":"https:\/\/api.w.org\/{rel}","templated":true}]}}