{"id":3124,"date":"2019-03-31T14:06:11","date_gmt":"2019-03-31T14:06:11","guid":{"rendered":"http:\/\/arroyitoonline.com.ar\/?p=3124"},"modified":"2019-04-03T14:25:04","modified_gmt":"2019-04-03T14:25:04","slug":"cabildo-de-cordoba-se-reunieron-miembros-del-fna-y-referentes-de-cultura-locales","status":"publish","type":"post","link":"https:\/\/arroyitoonline.com.ar\/?p=3124","title":{"rendered":"Cabildo de C\u00f3rdoba: se reunieron miembros del FNA y referentes de Cultura locales"},"content":{"rendered":"\n<p><strong>En ese marco, Sam Sam y Lemos gestionaron la realizaci\u00f3n de una charla brindada por el Fondo Nacional de las Artes en nuestra ciudad, para agentes culturales de Arroyito. <\/strong><\/p>\n\n\n\n<p>El pasado lunes 25 de marzo se realiz\u00f3 un conversatorio en el Cabildo Hist\u00f3rico de la ciudad de C\u00f3rdoba, con miembros del Fondo Nacional de las Artes, actividad programada en el marco del Congreso Internacional de la Lengua Espa\u00f1ola. <\/p>\n\n\n\n<p>En el encuentro se inform\u00f3 acerca de Becas, Concursos y Subsidios. Tambi\u00e9n se acord\u00f3 que, en el mes de abril, se realizar\u00eda una charla informativa con representantes del FNA en nuestra ciudad, a la que estar\u00e1n invitados todos los artistas y agentes culturales locales.<\/p>\n\n\n\n<p>Participaron representando a Arroyito, la directora de Cultura Viviana Sam Sam y el asesor Cultural Geraldo Lemos para informarse y gestionar estas instancias.<\/p>\n\n\n\n<p>Fuente: Prensa Municipal. <\/p>\n","protected":false},"excerpt":{"rendered":"<p>En ese marco, Sam Sam y Lemos gestionaron la realizaci\u00f3n de una charla brindada por el Fondo Nacional de las&hellip;<\/p>\n","protected":false},"author":3,"featured_media":3125,"comment_status":"closed","ping_status":"open","sticky":false,"template":"","format":"standard","meta":{"footnotes":""},"categories":[2],"tags":[66,67,836,158,244,259,864,925,572],"class_list":["post-3124","post","type-post","status-publish","format-standard","has-post-thumbnail","hentry","category-cultura-y-espectaculos","tag-arroyito","tag-arroyito-cordoba","tag-arroyito-online","tag-casa-de-la-cultura","tag-cordoba","tag-cultura","tag-cultura-y-espectaculos-online","tag-fondo-nacional-de-las-artes","tag-noticias-de-arroyito-y-zona"],"_links":{"self":[{"href":"https:\/\/arroyitoonline.com.ar\/index.php?rest_route=\/wp\/v2\/posts\/3124","targetHints":{"allow":["GET"]}}],"collection":[{"href":"https:\/\/arroyitoonline.com.ar\/index.php?rest_route=\/wp\/v2\/posts"}],"about":[{"href":"https:\/\/arroyitoonline.com.ar\/index.php?rest_route=\/wp\/v2\/types\/post"}],"author":[{"embeddable":true,"href":"https:\/\/arroyitoonline.com.ar\/index.php?rest_route=\/wp\/v2\/users\/3"}],"replies":[{"embeddable":true,"href":"https:\/\/arroyitoonline.com.ar\/index.php?rest_route=%2Fwp%2Fv2%2Fcomments&post=3124"}],"version-history":[{"count":1,"href":"https:\/\/arroyitoonline.com.ar\/index.php?rest_route=\/wp\/v2\/posts\/3124\/revisions"}],"predecessor-version":[{"id":3127,"href":"https:\/\/arroyitoonline.com.ar\/index.php?rest_route=\/wp\/v2\/posts\/3124\/revisions\/3127"}],"wp:featuredmedia":[{"embeddable":true,"href":"https:\/\/arroyitoonline.com.ar\/index.php?rest_route=\/wp\/v2\/media\/3125"}],"wp:attachment":[{"href":"https:\/\/arroyitoonline.com.ar\/index.php?rest_route=%2Fwp%2Fv2%2Fmedia&parent=3124"}],"wp:term":[{"taxonomy":"category","embeddable":true,"href":"https:\/\/arroyitoonline.com.ar\/index.php?rest_route=%2Fwp%2Fv2%2Fcategories&post=3124"},{"taxonomy":"post_tag","embeddable":true,"href":"https:\/\/arroyitoonline.com.ar\/index.php?rest_route=%2Fwp%2Fv2%2Ftags&post=3124"}],"curies":[{"name":"wp","href":"https:\/\/api.w.org\/{rel}","templated":true}]}}