{"id":3134,"date":"2019-04-04T03:23:39","date_gmt":"2019-04-04T03:23:39","guid":{"rendered":"http:\/\/arroyitoonline.com.ar\/?p=3134"},"modified":"2019-04-04T03:23:40","modified_gmt":"2019-04-04T03:23:40","slug":"tras-casi-100-milimetros-caidos-el-canal-derivador-evito-que-se-inunde-el-sector-sur","status":"publish","type":"post","link":"https:\/\/arroyitoonline.com.ar\/?p=3134","title":{"rendered":"Tras casi 100 mil\u00edmetros ca\u00eddos, el Canal Derivador evit\u00f3 que se inunde el sector sur"},"content":{"rendered":"\n<p><strong>La obra, gestionada por el intendente Mauricio Cravero y ejecutada por el Gobierno de la Provincia, capta el excedente h\u00eddrico proveniente del Bajo de G\u00f3mez.<\/strong><\/p>\n\n\n\n<p style=\"text-align:left\">Esta ma\u00f1ana, el intendente Mauricio Cravero y el secretario de Obras P\u00fablicas Daniel Lafarina recorrieron el Canal Derivador de las aguas provenientes del Bajo de G\u00f3mez. Se trata de una obra\u00a0gestionada por el primer mandatario local y ejecutada por el Gobierno de la Provincia. En pleno funcionamiento a causa de las intensas lluvias del fin de semana, evit\u00f3 que el excedente pluvial inundara el sector sur de Arroyito. <\/p>\n\n\n\n<p>Cabe recordar que desag\u00fce proyectado presenta un desarrollo de algo m\u00e1s de 2.700 metros de longitud,\u00a0con una secci\u00f3n trapecial de 12 metros de ancho de la solera, taludes con inclinaci\u00f3n a 30 grados para que se evite la erosi\u00f3n, altura variable dependiendo de la cota del terreno natural y la posibilidad de trasladar un caudal de 22.700 litros por segundo.\u00a0<\/p>\n\n\n\n<p>Adem\u00e1s, un terrapl\u00e9n se extiende del lado este del canal y secci\u00f3n trapecial con tres metros de ancho de coronamiento, con altura variable dependiendo de la cota de terreno natural y cota local de coronamiento entre 177 y 178 metros.\u00a0<\/p>\n\n\n\n<p>Para aumentar la seguridad de la ciudad de Arroyito frente a caudales extraordinarios, se previ\u00f3 la construcci\u00f3n de un terrapl\u00e9n compactado que retenga las aguas que superen la capacidad de dise\u00f1o del canal.<strong>\u00a0<\/strong><\/p>\n\n\n\n<p>Fuente: Prensa Municipal. \u00a0 \u00a0<\/p>\n","protected":false},"excerpt":{"rendered":"<p>La obra, gestionada por el intendente Mauricio Cravero y ejecutada por el Gobierno de la Provincia, capta el excedente h\u00eddrico&hellip;<\/p>\n","protected":false},"author":3,"featured_media":3135,"comment_status":"closed","ping_status":"open","sticky":false,"template":"","format":"standard","meta":{"footnotes":""},"categories":[829],"tags":[66,67,836,149,253,404,405,837,527,868,555,556,577,578],"class_list":["post-3134","post","type-post","status-publish","format-standard","has-post-thumbnail","hentry","category-municipales-online","tag-arroyito","tag-arroyito-cordoba","tag-arroyito-online","tag-canal-derivador","tag-cravero","tag-gobierno-de-cordoba","tag-gobierno-de-la-provincia","tag-lafarina","tag-mauricio-cravero","tag-municipales-online","tag-municipalidad","tag-municipalidad-de-arroyito","tag-obras-hidricas","tag-obras-publicas"],"_links":{"self":[{"href":"https:\/\/arroyitoonline.com.ar\/index.php?rest_route=\/wp\/v2\/posts\/3134","targetHints":{"allow":["GET"]}}],"collection":[{"href":"https:\/\/arroyitoonline.com.ar\/index.php?rest_route=\/wp\/v2\/posts"}],"about":[{"href":"https:\/\/arroyitoonline.com.ar\/index.php?rest_route=\/wp\/v2\/types\/post"}],"author":[{"embeddable":true,"href":"https:\/\/arroyitoonline.com.ar\/index.php?rest_route=\/wp\/v2\/users\/3"}],"replies":[{"embeddable":true,"href":"https:\/\/arroyitoonline.com.ar\/index.php?rest_route=%2Fwp%2Fv2%2Fcomments&post=3134"}],"version-history":[{"count":1,"href":"https:\/\/arroyitoonline.com.ar\/index.php?rest_route=\/wp\/v2\/posts\/3134\/revisions"}],"predecessor-version":[{"id":3136,"href":"https:\/\/arroyitoonline.com.ar\/index.php?rest_route=\/wp\/v2\/posts\/3134\/revisions\/3136"}],"wp:featuredmedia":[{"embeddable":true,"href":"https:\/\/arroyitoonline.com.ar\/index.php?rest_route=\/wp\/v2\/media\/3135"}],"wp:attachment":[{"href":"https:\/\/arroyitoonline.com.ar\/index.php?rest_route=%2Fwp%2Fv2%2Fmedia&parent=3134"}],"wp:term":[{"taxonomy":"category","embeddable":true,"href":"https:\/\/arroyitoonline.com.ar\/index.php?rest_route=%2Fwp%2Fv2%2Fcategories&post=3134"},{"taxonomy":"post_tag","embeddable":true,"href":"https:\/\/arroyitoonline.com.ar\/index.php?rest_route=%2Fwp%2Fv2%2Ftags&post=3134"}],"curies":[{"name":"wp","href":"https:\/\/api.w.org\/{rel}","templated":true}]}}