{"id":3137,"date":"2019-04-04T03:40:34","date_gmt":"2019-04-04T03:40:34","guid":{"rendered":"http:\/\/arroyitoonline.com.ar\/?p=3137"},"modified":"2019-04-04T03:40:35","modified_gmt":"2019-04-04T03:40:35","slug":"festejos-del-25-de-mayo-directivos-de-escuelas-se-reunieron-con-protocolo-y-cultura-municipales","status":"publish","type":"post","link":"https:\/\/arroyitoonline.com.ar\/?p=3137","title":{"rendered":"Festejos del 25 de Mayo: directivos de escuelas se reunieron con Protocolo y Cultura municipales"},"content":{"rendered":"\n<p><strong>En el encuentro continuaron informando sobre las actividades enmarcadas en la fiesta patria. <\/strong><\/p>\n\n\n\n<p>Esta ma\u00f1ana se desarroll\u00f3 una reuni\u00f3n entre directores de escuelas locales, miembros de Cooperadoras de los distintos colegios de todos los niveles, el \u00e1rea de Protocolo y Ceremonial y la directora municipal de Cultura Viviana Sam Sam.<\/p>\n\n\n\n<p>En la ocasi\u00f3n, los asistentes informaron acerca de las actividades que realizar\u00e1n, de manera conjunta, durante los festejos de mayo; tales como presentaci\u00f3n de Murales que rescaten valores, a cargo de alumnos del Nivel Primario. Adem\u00e1s sugirieron, para los m\u00e1s peque\u00f1os, que repartan escarapelas invitando a los festejos del 25. Tambi\u00e9n, y como ya es habitual, se har\u00e1 una Noche de Gala el viernes 24\u00a0 de la que participar\u00e1n los tres elencos municipales: Banda, Coro y Ballet. El evento principal estar\u00e1 compuesto por el acto protocolar, el desfile y la Fiesta del Pueblo,\u00a0 en la Plaza 25 de Mayo, con la participaci\u00f3n de toda la comunidad. <\/p>\n\n\n\n<p><em>&#8220;Uno de los objetivos planteados fue siempre celebrar este acontecimiento hist\u00f3rico a trav\u00e9s de actividades debidamente integradas con la participaci\u00f3n de todas las instituciones&#8221;<\/em>, remarcaron desde la organizaci\u00f3n. <\/p>\n\n\n\n<p>Fuente: Prensa Municipal. <\/p>\n","protected":false},"excerpt":{"rendered":"<p>En el encuentro continuaron informando sobre las actividades enmarcadas en la fiesta patria. Esta ma\u00f1ana se desarroll\u00f3 una reuni\u00f3n entre&hellip;<\/p>\n","protected":false},"author":3,"featured_media":3138,"comment_status":"closed","ping_status":"open","sticky":false,"template":"","format":"standard","meta":{"footnotes":""},"categories":[829],"tags":[16,66,67,836,868,555,556,572,628],"class_list":["post-3137","post","type-post","status-publish","format-standard","has-post-thumbnail","hentry","category-municipales-online","tag-25-de-mayo","tag-arroyito","tag-arroyito-cordoba","tag-arroyito-online","tag-municipales-online","tag-municipalidad","tag-municipalidad-de-arroyito","tag-noticias-de-arroyito-y-zona","tag-plaza-25-de-mayo"],"_links":{"self":[{"href":"https:\/\/arroyitoonline.com.ar\/index.php?rest_route=\/wp\/v2\/posts\/3137","targetHints":{"allow":["GET"]}}],"collection":[{"href":"https:\/\/arroyitoonline.com.ar\/index.php?rest_route=\/wp\/v2\/posts"}],"about":[{"href":"https:\/\/arroyitoonline.com.ar\/index.php?rest_route=\/wp\/v2\/types\/post"}],"author":[{"embeddable":true,"href":"https:\/\/arroyitoonline.com.ar\/index.php?rest_route=\/wp\/v2\/users\/3"}],"replies":[{"embeddable":true,"href":"https:\/\/arroyitoonline.com.ar\/index.php?rest_route=%2Fwp%2Fv2%2Fcomments&post=3137"}],"version-history":[{"count":1,"href":"https:\/\/arroyitoonline.com.ar\/index.php?rest_route=\/wp\/v2\/posts\/3137\/revisions"}],"predecessor-version":[{"id":3139,"href":"https:\/\/arroyitoonline.com.ar\/index.php?rest_route=\/wp\/v2\/posts\/3137\/revisions\/3139"}],"wp:featuredmedia":[{"embeddable":true,"href":"https:\/\/arroyitoonline.com.ar\/index.php?rest_route=\/wp\/v2\/media\/3138"}],"wp:attachment":[{"href":"https:\/\/arroyitoonline.com.ar\/index.php?rest_route=%2Fwp%2Fv2%2Fmedia&parent=3137"}],"wp:term":[{"taxonomy":"category","embeddable":true,"href":"https:\/\/arroyitoonline.com.ar\/index.php?rest_route=%2Fwp%2Fv2%2Fcategories&post=3137"},{"taxonomy":"post_tag","embeddable":true,"href":"https:\/\/arroyitoonline.com.ar\/index.php?rest_route=%2Fwp%2Fv2%2Ftags&post=3137"}],"curies":[{"name":"wp","href":"https:\/\/api.w.org\/{rel}","templated":true}]}}