{"id":3140,"date":"2019-04-05T01:49:53","date_gmt":"2019-04-05T01:49:53","guid":{"rendered":"http:\/\/arroyitoonline.com.ar\/?p=3140"},"modified":"2019-04-05T01:49:55","modified_gmt":"2019-04-05T01:49:55","slug":"se-viene-el-curso-de-formacion-en-gestion-cultural","status":"publish","type":"post","link":"https:\/\/arroyitoonline.com.ar\/?p=3140","title":{"rendered":"Se viene el curso de Formaci\u00f3n en Gesti\u00f3n Cultural"},"content":{"rendered":"\n<p><strong>El taller comenzar\u00e1 el s\u00e1bado 13 de abril y se desarrollar\u00e1 en cuatro encuentros de seis horas cada uno.<\/strong><\/p>\n\n\n\n<p>Est\u00e1n abiertas las inscripciones para\u00a0el Curso-taller Formaci\u00f3n en Gesti\u00f3n Cultural Colaborativa para agentes Culturales P\u00fablicos y Organizados. Adem\u00e1s, esta capacitaci\u00f3n est\u00e1 avalada y contar\u00e1 con certificaci\u00f3n de la Universidad Popular.<\/p>\n\n\n\n<p>Los destinatarios del curso son los gestores culturales p\u00fablicos, independientes, miembros de organizaciones barriales, artistas, productores y todo aquel interesado en capacitarse en aspectos de administraci\u00f3n y gesti\u00f3n cultural.<\/p>\n\n\n\n<p>Las inscripciones est\u00e1n abiertas hasta el lunes 8 de abril. El cursado se desarrollar\u00e1 en cuatro (4) encuentros de seis horas cada uno, los s\u00e1bados 13 y 27 de abril, 4 y 11 de mayo.<\/p>\n\n\n\n<p>Inscribite v\u00eda mail, enviando un correo a convocaculturarroyito@gmail.com, con tus datos personales, profesi\u00f3n, motivaci\u00f3n para hacer la capacitaci\u00f3n, y una breve propuesta de gesti\u00f3n cultural que te gustar\u00eda desarrollar en el taller. O anotate de manera personal, en la Casa de la Cultura, de lunes a viernes de 8:00 a 20:00 horas.<\/p>\n\n\n\n<p>Fuente: Prensa Municipal. <\/p>\n\n\n\n<p>Imagen de archivo, solo a modo ilustrativo.<\/p>\n","protected":false},"excerpt":{"rendered":"<p>El taller comenzar\u00e1 el s\u00e1bado 13 de abril y se desarrollar\u00e1 en cuatro encuentros de seis horas cada uno. Est\u00e1n&hellip;<\/p>\n","protected":false},"author":3,"featured_media":2560,"comment_status":"closed","ping_status":"open","sticky":false,"template":"","format":"standard","meta":{"footnotes":""},"categories":[2],"tags":[66,67,836,158,259,864,310,929,555,556,572],"class_list":["post-3140","post","type-post","status-publish","format-standard","has-post-thumbnail","hentry","category-cultura-y-espectaculos","tag-arroyito","tag-arroyito-cordoba","tag-arroyito-online","tag-casa-de-la-cultura","tag-cultura","tag-cultura-y-espectaculos-online","tag-educacion","tag-gestion-cultural","tag-municipalidad","tag-municipalidad-de-arroyito","tag-noticias-de-arroyito-y-zona"],"_links":{"self":[{"href":"https:\/\/arroyitoonline.com.ar\/index.php?rest_route=\/wp\/v2\/posts\/3140","targetHints":{"allow":["GET"]}}],"collection":[{"href":"https:\/\/arroyitoonline.com.ar\/index.php?rest_route=\/wp\/v2\/posts"}],"about":[{"href":"https:\/\/arroyitoonline.com.ar\/index.php?rest_route=\/wp\/v2\/types\/post"}],"author":[{"embeddable":true,"href":"https:\/\/arroyitoonline.com.ar\/index.php?rest_route=\/wp\/v2\/users\/3"}],"replies":[{"embeddable":true,"href":"https:\/\/arroyitoonline.com.ar\/index.php?rest_route=%2Fwp%2Fv2%2Fcomments&post=3140"}],"version-history":[{"count":1,"href":"https:\/\/arroyitoonline.com.ar\/index.php?rest_route=\/wp\/v2\/posts\/3140\/revisions"}],"predecessor-version":[{"id":3142,"href":"https:\/\/arroyitoonline.com.ar\/index.php?rest_route=\/wp\/v2\/posts\/3140\/revisions\/3142"}],"wp:featuredmedia":[{"embeddable":true,"href":"https:\/\/arroyitoonline.com.ar\/index.php?rest_route=\/wp\/v2\/media\/2560"}],"wp:attachment":[{"href":"https:\/\/arroyitoonline.com.ar\/index.php?rest_route=%2Fwp%2Fv2%2Fmedia&parent=3140"}],"wp:term":[{"taxonomy":"category","embeddable":true,"href":"https:\/\/arroyitoonline.com.ar\/index.php?rest_route=%2Fwp%2Fv2%2Fcategories&post=3140"},{"taxonomy":"post_tag","embeddable":true,"href":"https:\/\/arroyitoonline.com.ar\/index.php?rest_route=%2Fwp%2Fv2%2Ftags&post=3140"}],"curies":[{"name":"wp","href":"https:\/\/api.w.org\/{rel}","templated":true}]}}