{"id":3146,"date":"2019-04-05T17:25:29","date_gmt":"2019-04-05T17:25:29","guid":{"rendered":"http:\/\/arroyitoonline.com.ar\/?p=3146"},"modified":"2019-04-05T17:25:30","modified_gmt":"2019-04-05T17:25:30","slug":"comenzo-el-curso-de-apoyo-a-la-empleabilidad-e-integracion-social","status":"publish","type":"post","link":"https:\/\/arroyitoonline.com.ar\/?p=3146","title":{"rendered":"Comenz\u00f3 el Curso de Apoyo a la Empleabilidad e Integraci\u00f3n Social"},"content":{"rendered":"\n<p><strong>Participan de la capacitaci\u00f3n, j\u00f3venes de entre 18 y 24 a\u00f1os, que ingresaron al Programa J\u00f3venes por M\u00e1s y Mejor Trabajo. <\/strong><\/p>\n\n\n\n<p>Ayer jueves 4\u00a0, en el Microcine del Punto Digital, dio inicio el Curso de Apoyo a la Empleabilidad e Integraci\u00f3n Social.<\/p>\n\n\n\n<p>En este encuentro estuvieron presentes el intendente Mauricio Cravero, el secretario de Gobierno Ignacio Cabello, el secretario de Obras P\u00fablicas Daniel Lafarina y la coordinadora de la Oficina de Empleo Viviana Vercelli.<\/p>\n\n\n\n<p>Participan de la capacitaci\u00f3n, j\u00f3venes de entre 18 y 24 a\u00f1os, que ingresaron al Programa J\u00f3venes por M\u00e1s y Mejor Trabajo.<\/p>\n\n\n\n<p>Este curso tiene una duraci\u00f3n de dos meses, conasistencia de dos d\u00edas a la semana, por lo cual los asistentes recibir\u00e1n un incentivo econ\u00f3mico por parte del Ministerio de Trabajo y Producci\u00f3n.<\/p>\n\n\n\n<p>Adem\u00e1s, la capacitaci\u00f3n est\u00e1 destinada al fortalecimiento de las competencias b\u00e1sicas para que mejore la empleabilidad y se intentan brindar acciones de orientaci\u00f3n, formaci\u00f3n y acompa\u00f1amiento a los participantes. Por su parte, el objetivo fundamental es que los j\u00f3venes revisen su proyecto formativo y ocupacional personal, en relaci\u00f3n con las oportunidades de formaci\u00f3n y empleo que ofrece la ciudad.<\/p>\n\n\n\n<p>Se abordar\u00e1n \u00e1reas tem\u00e1ticas o competencias b\u00e1sicas que tienden al fortalecimiento de los j\u00f3venes: Iniciativa y emprendimiento, Aprender a aprender, Organizaci\u00f3n y planificaci\u00f3n, Habilidades de negociaci\u00f3n, Trabajo en equipo, Atenci\u00f3n y concentraci\u00f3n, entre otros.<\/p>\n\n\n\n<p>Fuente: Prensa Municipal. <\/p>\n","protected":false},"excerpt":{"rendered":"<p>Participan de la capacitaci\u00f3n, j\u00f3venes de entre 18 y 24 a\u00f1os, que ingresaron al Programa J\u00f3venes por M\u00e1s y Mejor&hellip;<\/p>\n","protected":false},"author":3,"featured_media":3147,"comment_status":"closed","ping_status":"open","sticky":false,"template":"","format":"standard","meta":{"footnotes":""},"categories":[830],"tags":[66,67,836,253,310,404,405,471,527,537,555,556,572,768],"class_list":["post-3146","post","type-post","status-publish","format-standard","has-post-thumbnail","hentry","category-educacion-online","tag-arroyito","tag-arroyito-cordoba","tag-arroyito-online","tag-cravero","tag-educacion","tag-gobierno-de-cordoba","tag-gobierno-de-la-provincia","tag-jovenes","tag-mauricio-cravero","tag-ministerio-de-trabajo","tag-municipalidad","tag-municipalidad-de-arroyito","tag-noticias-de-arroyito-y-zona","tag-trabajo"],"_links":{"self":[{"href":"https:\/\/arroyitoonline.com.ar\/index.php?rest_route=\/wp\/v2\/posts\/3146","targetHints":{"allow":["GET"]}}],"collection":[{"href":"https:\/\/arroyitoonline.com.ar\/index.php?rest_route=\/wp\/v2\/posts"}],"about":[{"href":"https:\/\/arroyitoonline.com.ar\/index.php?rest_route=\/wp\/v2\/types\/post"}],"author":[{"embeddable":true,"href":"https:\/\/arroyitoonline.com.ar\/index.php?rest_route=\/wp\/v2\/users\/3"}],"replies":[{"embeddable":true,"href":"https:\/\/arroyitoonline.com.ar\/index.php?rest_route=%2Fwp%2Fv2%2Fcomments&post=3146"}],"version-history":[{"count":1,"href":"https:\/\/arroyitoonline.com.ar\/index.php?rest_route=\/wp\/v2\/posts\/3146\/revisions"}],"predecessor-version":[{"id":3148,"href":"https:\/\/arroyitoonline.com.ar\/index.php?rest_route=\/wp\/v2\/posts\/3146\/revisions\/3148"}],"wp:featuredmedia":[{"embeddable":true,"href":"https:\/\/arroyitoonline.com.ar\/index.php?rest_route=\/wp\/v2\/media\/3147"}],"wp:attachment":[{"href":"https:\/\/arroyitoonline.com.ar\/index.php?rest_route=%2Fwp%2Fv2%2Fmedia&parent=3146"}],"wp:term":[{"taxonomy":"category","embeddable":true,"href":"https:\/\/arroyitoonline.com.ar\/index.php?rest_route=%2Fwp%2Fv2%2Fcategories&post=3146"},{"taxonomy":"post_tag","embeddable":true,"href":"https:\/\/arroyitoonline.com.ar\/index.php?rest_route=%2Fwp%2Fv2%2Ftags&post=3146"}],"curies":[{"name":"wp","href":"https:\/\/api.w.org\/{rel}","templated":true}]}}