{"id":3149,"date":"2019-04-05T18:26:05","date_gmt":"2019-04-05T18:26:05","guid":{"rendered":"http:\/\/arroyitoonline.com.ar\/?p=3149"},"modified":"2019-04-05T18:52:33","modified_gmt":"2019-04-05T18:52:33","slug":"los-alumnos-velezanos-de-6o-ano-pidieron-disculpas-a-los-habitantes-de-arroyito","status":"publish","type":"post","link":"https:\/\/arroyitoonline.com.ar\/?p=3149","title":{"rendered":"Los alumnos velezanos de 6\u00ba a\u00f1o pidieron disculpas &#8220;a los habitantes de Arroyito&#8221;"},"content":{"rendered":"\n<p><strong>Luego de conocerse fotos de un festejo en la bater\u00eda de quinchos municipales, que los mostraba sobre los techos, e im\u00e1genes de basura en el sector, los chicos aclararon todo v\u00eda Facebook. <\/strong><\/p>\n\n\n\n<p>Ayer, tras la presentaci\u00f3n de la indumentaria de la Promo 2019 de la Escuela Dr. Dalmacio V\u00e9lez Sarsfield, algunos alumnos festejaron en la bater\u00eda de quinchos municipales ubicados en la Costanera del r\u00edo, a la altura de la desembocadura de la calle San Mart\u00edn. <\/p>\n\n\n\n<p>En medio de la celebraci\u00f3n, los propios chicos compartieron fotos y videos en una cuenta de Instagram denominada <em>promo2019ddvsnaturales<\/em>, en las que se los ve\u00eda cantando, bailando, tomando bebidas en jarras y subidos al techo de los quinchos. <\/p>\n\n\n\n<p>Anoche, las capturas de pantalla de algunas de estas instant\u00e1neas -que ya fueron eliminadas- se viralizaron acompa\u00f1adas de cr\u00edticas hacia los estudiantes, junto a otras fotos que mostraban la presencia de basura en el sector.<\/p>\n\n\n\n<p>Hace dos horas y en respuesta a lo dicho en las redes sociales, el integrante del Centro de Estudiantes Velezano Vicente Olocco emiti\u00f3 un comunicado a trav\u00e9s de su cuenta en la red social Facebook, <em>&#8220;en representaci\u00f3n de los alumnos de 6\u00ba a\u00f1o de las orientaciones de Administraci\u00f3n y Econom\u00eda\u00a0y Ciencias Naturales, de la escuela Dr. Dalmacio V\u00e9lez S\u00e1rsfield&#8221;<\/em>, y dijo hacerlo con el aval de sus compa\u00f1eros.  <\/p>\n\n\n\n<figure class=\"wp-block-embed-facebook wp-block-embed is-type-rich is-provider-facebook\"><div class=\"wp-block-embed__wrapper\">\nhttps:\/\/www.facebook.com\/notes\/vicente-olocco\/carta-de-los-alumnos-de-6to-a%C3%B1o-escuela-dr-dalmacio-v%C3%A9lez-s%C3%A1rsfield\/2164536336936978\/\n<\/div><\/figure>\n\n\n\n<p>En la nota, el estudiante ofreci\u00f3 <em>&#8220;las m\u00e1s sinceras disculpas&#8221;<\/em> reconociendo <em>&#8220;la totalidad de da\u00f1os provocados, sin obviar que haremos todo lo posible por intentar esclarecer los hechos&#8221;<\/em>. En cuanto al tema de presuntos destrozos del patrimonio p\u00fablico, <em>&#8220;nos consta que no hay da\u00f1os materiales: no hay techos rotos, ni vajilla, ni paredes, ni plantas, ni alumbrado p\u00fablico, etc. Por otro lado, los ba\u00f1os qu\u00edmicos estaban ca\u00eddos antes de nuestra llegada al lugar. S\u00ed es cierto que un grupo de compa\u00f1eros subi\u00f3 a los techos y ellos lo reconocen; admiten toda responsabilidad y est\u00e1n dispuestos a recibir la sanci\u00f3n que corresponda, adem\u00e1s de aclarar que esto no volver\u00e1 a ocurrir en el futuro&#8221;<\/em>. <\/p>\n\n\n\n<p>Por su parte, desde el Municipio informaron que existieron comunicaciones con el establecimiento educativo en cuesti\u00f3n, cuyos directivos se comprometieron a volver a dejar en condiciones el sector. <\/p>\n\n\n\n<p>Adem\u00e1s, en di\u00e1logo con Arroyito Online, el vicedirector de la V\u00e9lez, Prof. Lic. Mariano Acosta lament\u00f3 los hechos, ya que <em>&#8220;van en contra de las conductas que nosotros promovemos y trabajamos con ellos&#8221;<\/em>. El docente agreg\u00f3 tambi\u00e9n que, si bien la situaci\u00f3n ocurri\u00f3 fuera del horario escolar, <em>&#8220;la Escuela no puede quedar al margen, a\u00fan cuando est\u00e1n en zona de responsabilidad de sus padres. Seguramente tomaremos medidas, con alguna acci\u00f3n reparadora&#8221;<\/em>.  <\/p>\n","protected":false},"excerpt":{"rendered":"<p>Luego de conocerse fotos de un festejo en la bater\u00eda de quinchos municipales, que los mostraba sobre los techos, e&hellip;<\/p>\n","protected":false},"author":3,"featured_media":3151,"comment_status":"closed","ping_status":"open","sticky":false,"template":"","format":"standard","meta":{"footnotes":""},"categories":[900],"tags":[66,67,836,95,888,471,572],"class_list":["post-3149","post","type-post","status-publish","format-standard","has-post-thumbnail","hentry","category-noticias","tag-arroyito","tag-arroyito-cordoba","tag-arroyito-online","tag-balneario","tag-escuela-dr-dalmacio-velez-sarsfield","tag-jovenes","tag-noticias-de-arroyito-y-zona"],"_links":{"self":[{"href":"https:\/\/arroyitoonline.com.ar\/index.php?rest_route=\/wp\/v2\/posts\/3149","targetHints":{"allow":["GET"]}}],"collection":[{"href":"https:\/\/arroyitoonline.com.ar\/index.php?rest_route=\/wp\/v2\/posts"}],"about":[{"href":"https:\/\/arroyitoonline.com.ar\/index.php?rest_route=\/wp\/v2\/types\/post"}],"author":[{"embeddable":true,"href":"https:\/\/arroyitoonline.com.ar\/index.php?rest_route=\/wp\/v2\/users\/3"}],"replies":[{"embeddable":true,"href":"https:\/\/arroyitoonline.com.ar\/index.php?rest_route=%2Fwp%2Fv2%2Fcomments&post=3149"}],"version-history":[{"count":3,"href":"https:\/\/arroyitoonline.com.ar\/index.php?rest_route=\/wp\/v2\/posts\/3149\/revisions"}],"predecessor-version":[{"id":3156,"href":"https:\/\/arroyitoonline.com.ar\/index.php?rest_route=\/wp\/v2\/posts\/3149\/revisions\/3156"}],"wp:featuredmedia":[{"embeddable":true,"href":"https:\/\/arroyitoonline.com.ar\/index.php?rest_route=\/wp\/v2\/media\/3151"}],"wp:attachment":[{"href":"https:\/\/arroyitoonline.com.ar\/index.php?rest_route=%2Fwp%2Fv2%2Fmedia&parent=3149"}],"wp:term":[{"taxonomy":"category","embeddable":true,"href":"https:\/\/arroyitoonline.com.ar\/index.php?rest_route=%2Fwp%2Fv2%2Fcategories&post=3149"},{"taxonomy":"post_tag","embeddable":true,"href":"https:\/\/arroyitoonline.com.ar\/index.php?rest_route=%2Fwp%2Fv2%2Ftags&post=3149"}],"curies":[{"name":"wp","href":"https:\/\/api.w.org\/{rel}","templated":true}]}}