{"id":3160,"date":"2019-03-27T10:19:02","date_gmt":"2019-03-27T10:19:02","guid":{"rendered":"http:\/\/arroyitoonline.com.ar\/?p=3160"},"modified":"2019-04-07T22:25:27","modified_gmt":"2019-04-07T22:25:27","slug":"cravero-le-obsequio-la-bandera-de-arroyito-a-la-asociacion-italiana-y-familia-piemontesa","status":"publish","type":"post","link":"https:\/\/arroyitoonline.com.ar\/?p=3160","title":{"rendered":"Cravero le obsequi\u00f3 la bandera de Arroyito a la Asociaci\u00f3n Italiana y Familia Piemontesa"},"content":{"rendered":"\n<p><strong>El encuentro se produjo en la Plazoleta de los Inmigrantes, donde adem\u00e1s se tomaron fotos para enviarlas a Italia. <\/strong><\/p>\n\n\n\n<p>Durante el mediod\u00eda del lunes 25, el intendente municipal Mauricio Cravero y los miembros de la Asociaci\u00f3n Italiana y Familia Piemontesa se reunieron frente al Monumento del hermanamiento con Verzuolo de la Plazoleta de los Inmigrantes.<\/p>\n\n\n\n<p>En dicho encuentro, el primer mandatario local les hizo entrega de una Bandera de Ceremonia de Arroyito, para que luzcan en todos los actos oficiales. Adem\u00e1s se tomaron varias fotograf\u00edas del lugar, ya que desde Italia est\u00e1n haciendo un relevamiento de todos los Monumentos del mundo y le solicitaron a dicha asociaci\u00f3n enviarlas.\u00a0<\/p>\n\n\n\n<p>Para la finalizaci\u00f3n de este encuentro, los asistentes entonaron &#8220;La Piemontesina\u201d, canci\u00f3n popular de los inmigrantes italianos.<\/p>\n\n\n\n<p>&#8220;Esta gesti\u00f3n siempre fomenta las tradiciones y las ostumbres que hacen a la cultura de un pueblo, y es a trav\u00e9s de este grupo que se contin\u00faan desarrollando, con todo el apoyo que se merecen&#8221;, remarcaron desde la actual administraci\u00f3n local.<\/p>\n\n\n\n<p>Fuente: Prensa Municipal. <\/p>\n","protected":false},"excerpt":{"rendered":"<p>El encuentro se produjo en la Plazoleta de los Inmigrantes, donde adem\u00e1s se tomaron fotos para enviarlas a Italia. Durante&hellip;<\/p>\n","protected":false},"author":3,"featured_media":3161,"comment_status":"closed","ping_status":"open","sticky":false,"template":"","format":"standard","meta":{"footnotes":""},"categories":[2],"tags":[66,67,836,100,253,259,864,443,463,527,555,556,572],"class_list":["post-3160","post","type-post","status-publish","format-standard","has-post-thumbnail","hentry","category-cultura-y-espectaculos","tag-arroyito","tag-arroyito-cordoba","tag-arroyito-online","tag-bandera","tag-cravero","tag-cultura","tag-cultura-y-espectaculos-online","tag-inmigrante","tag-italia","tag-mauricio-cravero","tag-municipalidad","tag-municipalidad-de-arroyito","tag-noticias-de-arroyito-y-zona"],"_links":{"self":[{"href":"https:\/\/arroyitoonline.com.ar\/index.php?rest_route=\/wp\/v2\/posts\/3160","targetHints":{"allow":["GET"]}}],"collection":[{"href":"https:\/\/arroyitoonline.com.ar\/index.php?rest_route=\/wp\/v2\/posts"}],"about":[{"href":"https:\/\/arroyitoonline.com.ar\/index.php?rest_route=\/wp\/v2\/types\/post"}],"author":[{"embeddable":true,"href":"https:\/\/arroyitoonline.com.ar\/index.php?rest_route=\/wp\/v2\/users\/3"}],"replies":[{"embeddable":true,"href":"https:\/\/arroyitoonline.com.ar\/index.php?rest_route=%2Fwp%2Fv2%2Fcomments&post=3160"}],"version-history":[{"count":1,"href":"https:\/\/arroyitoonline.com.ar\/index.php?rest_route=\/wp\/v2\/posts\/3160\/revisions"}],"predecessor-version":[{"id":3162,"href":"https:\/\/arroyitoonline.com.ar\/index.php?rest_route=\/wp\/v2\/posts\/3160\/revisions\/3162"}],"wp:featuredmedia":[{"embeddable":true,"href":"https:\/\/arroyitoonline.com.ar\/index.php?rest_route=\/wp\/v2\/media\/3161"}],"wp:attachment":[{"href":"https:\/\/arroyitoonline.com.ar\/index.php?rest_route=%2Fwp%2Fv2%2Fmedia&parent=3160"}],"wp:term":[{"taxonomy":"category","embeddable":true,"href":"https:\/\/arroyitoonline.com.ar\/index.php?rest_route=%2Fwp%2Fv2%2Fcategories&post=3160"},{"taxonomy":"post_tag","embeddable":true,"href":"https:\/\/arroyitoonline.com.ar\/index.php?rest_route=%2Fwp%2Fv2%2Ftags&post=3160"}],"curies":[{"name":"wp","href":"https:\/\/api.w.org\/{rel}","templated":true}]}}