{"id":3163,"date":"2019-04-03T10:27:03","date_gmt":"2019-04-03T10:27:03","guid":{"rendered":"http:\/\/arroyitoonline.com.ar\/?p=3163"},"modified":"2019-04-07T23:10:28","modified_gmt":"2019-04-07T23:10:28","slug":"la-biblioteca-municipal-popular-almafuerte-dijo-presente-en-el-cile-2019","status":"publish","type":"post","link":"https:\/\/arroyitoonline.com.ar\/?p=3163","title":{"rendered":"La Biblioteca Municipal Popular Almafuerte dijo presente en el CILE 2019"},"content":{"rendered":"\n<p><strong>Su directora Norma Ferreyra realiz\u00f3 una ponencia en el Festival de la Lectura , que fue parte de las actividades preliminares del Congreso Internacional de la Lengua Espa\u00f1ola.<\/strong><\/p>\n\n\n\n<p>El Congreso Internacional de la Lengua Espa\u00f1ola 2019, que tuvo como sede a la ciudad de C\u00f3rdoba, se desarroll\u00f3 entre los d\u00edas 27 y 30 de marzo. <\/p>\n\n\n\n<p>Del evento particip\u00f3 la Biblioteca Municipal Popular Alamafuerte, cuya directora Norma Ferreyra asisti\u00f3, de la programaci\u00f3n de actividades preliminares, al Festival de la Lectura, acompa\u00f1ada por la coordinadora del PreNaf\u00a0(Prevenci\u00f3n en Ni\u00f1ez, Adolescencia y Familia) Silvia Lovera.<\/p>\n\n\n\n<p>En las instalaciones de la Biblioteca C\u00f3rdoba se concret\u00f3 este acontecimiento. En la oportunidad, Patricia Picolini de la Conabip,\u00a0qui\u00e9n\u00a0hizo referencia a la diversidad (no confundir con desigualdades) de acervos. Cl\u00e1sicos, G\u00e9neros de editoriales, Focos: sobresalen novelas, telescopio, etc., Redes: se asocian con otras instituciones, Usuarios: beb\u00e9s, personas mayores. Gesti\u00f3n de la diversidad, Empobrecimiento \/ artificialidad (no se fomenta el di\u00e1logo). Contribuci\u00f3n a los proyectos individuales y grupales y ambiente acogedor.<\/p>\n\n\n\n<p>M\u00e1s tarde, Mabel Estevao\u00a0reflexion\u00f3 <em>\u201cQue en un mundo globalizado, para sostenerse,\u00a0las bibliotecas deben legitimizar los espacios y sentidos de pertenencia&#8221;<\/em>.<\/p>\n\n\n\n<p>Teniendo en cuenta tres dimensiones: Biblioteca Popular, lectura m\u00e1s cultura, Biblioteca Popular identidad con las personas, Biblioteca Popular ling\u00fc\u00edstica seg\u00fan regi\u00f3n geogr\u00e1fica y cultural.<\/p>\n\n\n\n<p>Una biblioteca es un foco de atenci\u00f3n, un lugar sagrado y simb\u00f3lico donde se atesoran las palabras de cada libro; tiene su acervo cultural y ling\u00fc\u00edstico. El ayer se remonta y el presente los beneficia. Por lo que se requiere pol\u00edticas p\u00fablicas para proyectar, perdurar y sostener su identidad. Todas las Bibliotecas Populares poseen diversidad cultural en todas sus ramas.<\/p>\n\n\n\n<p>A continuaci\u00f3n le toc\u00f3 el turno de la exposici\u00f3n a las Bibliotecas Populares que forman parte de la Federaci\u00f3n de Bibliotecas Populares de C\u00f3rdoba (Febipo), de la cual Norma Ferreyra es secretaria, e hizo su ponencia sobre el quehacer diario de esta Instituci\u00f3n a lo largo de sus 35 a\u00f1os: creaci\u00f3n de la Biblioteca, proyectos y Biblioteca\u00a0anexo El Fuertecito, entre otros.<\/p>\n\n\n\n<p>El cierre de la jornada fue a trav\u00e9s del mensaje \u201cTodo est\u00e1 en la Palabra\u201d.<\/p>\n\n\n\n<p>Adem\u00e1s, la biblioteca municipal aprovech\u00f3 la oportunidad, para la adquisici\u00f3n de 15 nuevos t\u00edtulos de novelas juveniles y de estudio para engrosar sus estanter\u00edas. <\/p>\n\n\n\n<p>Fuente: Prensa Municipal. <\/p>\n","protected":false},"excerpt":{"rendered":"<p>Su directora Norma Ferreyra realiz\u00f3 una ponencia en el Festival de la Lectura , que fue parte de las actividades&hellip;<\/p>\n","protected":false},"author":3,"featured_media":3164,"comment_status":"closed","ping_status":"open","sticky":false,"template":"","format":"standard","meta":{"footnotes":""},"categories":[2],"tags":[66,67,836,117,886,885,244,259,864,404,405,489,556,572],"class_list":["post-3163","post","type-post","status-publish","format-standard","has-post-thumbnail","hentry","category-cultura-y-espectaculos","tag-arroyito","tag-arroyito-cordoba","tag-arroyito-online","tag-biblioteca","tag-biblioteca-municipal-popular-almafuerte","tag-congreso-internacional-de-la-lengua-espanola","tag-cordoba","tag-cultura","tag-cultura-y-espectaculos-online","tag-gobierno-de-cordoba","tag-gobierno-de-la-provincia","tag-lectura","tag-municipalidad-de-arroyito","tag-noticias-de-arroyito-y-zona"],"_links":{"self":[{"href":"https:\/\/arroyitoonline.com.ar\/index.php?rest_route=\/wp\/v2\/posts\/3163","targetHints":{"allow":["GET"]}}],"collection":[{"href":"https:\/\/arroyitoonline.com.ar\/index.php?rest_route=\/wp\/v2\/posts"}],"about":[{"href":"https:\/\/arroyitoonline.com.ar\/index.php?rest_route=\/wp\/v2\/types\/post"}],"author":[{"embeddable":true,"href":"https:\/\/arroyitoonline.com.ar\/index.php?rest_route=\/wp\/v2\/users\/3"}],"replies":[{"embeddable":true,"href":"https:\/\/arroyitoonline.com.ar\/index.php?rest_route=%2Fwp%2Fv2%2Fcomments&post=3163"}],"version-history":[{"count":1,"href":"https:\/\/arroyitoonline.com.ar\/index.php?rest_route=\/wp\/v2\/posts\/3163\/revisions"}],"predecessor-version":[{"id":3169,"href":"https:\/\/arroyitoonline.com.ar\/index.php?rest_route=\/wp\/v2\/posts\/3163\/revisions\/3169"}],"wp:featuredmedia":[{"embeddable":true,"href":"https:\/\/arroyitoonline.com.ar\/index.php?rest_route=\/wp\/v2\/media\/3164"}],"wp:attachment":[{"href":"https:\/\/arroyitoonline.com.ar\/index.php?rest_route=%2Fwp%2Fv2%2Fmedia&parent=3163"}],"wp:term":[{"taxonomy":"category","embeddable":true,"href":"https:\/\/arroyitoonline.com.ar\/index.php?rest_route=%2Fwp%2Fv2%2Fcategories&post=3163"},{"taxonomy":"post_tag","embeddable":true,"href":"https:\/\/arroyitoonline.com.ar\/index.php?rest_route=%2Fwp%2Fv2%2Ftags&post=3163"}],"curies":[{"name":"wp","href":"https:\/\/api.w.org\/{rel}","templated":true}]}}