{"id":3170,"date":"2019-04-08T14:54:38","date_gmt":"2019-04-08T14:54:38","guid":{"rendered":"http:\/\/arroyitoonline.com.ar\/?p=3170"},"modified":"2019-04-08T14:56:36","modified_gmt":"2019-04-08T14:56:36","slug":"esmeralda-cumple-15-y-quieren-ayudarla-a-que-pueda-festejarlo","status":"publish","type":"post","link":"https:\/\/arroyitoonline.com.ar\/?p=3170","title":{"rendered":"Esmeralda cumple 15 y quieren ayudarla para que pueda festejarlo"},"content":{"rendered":"\n<p><strong>La usuaria de Facebook\nVilma Gorosito pidi\u00f3, a trav\u00e9s de un grupo en esa red social, un vestido y\nelementos para la decoraci\u00f3n, a modo de pr\u00e9stamo. <\/strong><\/p>\n\n\n\n<p>Hace minutos, en un grupo de Facebook de Arroyito, apareci\u00f3\nuna publicaci\u00f3n particular. En el marco de la \u00e9poca de crisis en la que\nvivimos, Vilma Gorosito cont\u00f3 que una joven llamada Esmeralda cumple 15 a\u00f1os,\npero su familia no tiene recursos econ\u00f3micos para celebrarlo. <\/p>\n\n\n\n<div class=\"wp-block-image\"><figure class=\"aligncenter\"><img loading=\"lazy\" decoding=\"async\" width=\"506\" height=\"237\" src=\"http:\/\/arroyitoonline.com.ar\/wp-content\/uploads\/2019\/04\/pedido.png\" alt=\"\" class=\"wp-image-3171\" srcset=\"https:\/\/arroyitoonline.com.ar\/wp-content\/uploads\/2019\/04\/pedido.png 506w, https:\/\/arroyitoonline.com.ar\/wp-content\/uploads\/2019\/04\/pedido-300x141.png 300w\" sizes=\"auto, (max-width: 506px) 100vw, 506px\" \/><figcaption><em>El pedido de Vilma<\/em><\/figcaption><\/figure><\/div>\n\n\n\n<p>Por eso, ella decidi\u00f3 ayudarla, solicitando la colaboraci\u00f3n de quienes leyeran la publicaci\u00f3n. En el texto, Vilma pide un vestido (<em>\u201csi es rojo, mejor, sino cualquier color\u201d<\/em>). Adem\u00e1s de elementos para la decoraci\u00f3n de la mesa, como telas, flores, globos y caramelos, <em>\u201cen calidad de pr\u00e9stamo, devuelvo todo\u201d<\/em>, aclar\u00f3 la mujer. <\/p>\n\n\n\n<p>Una linda oportunidad de hacer el bien, sin mirar a qui\u00e9n. \u00bfTe sum\u00e1s?<\/p>\n\n\n\n<p>Foto solo a modo ilustrativo.<\/p>\n","protected":false},"excerpt":{"rendered":"<p>La usuaria de Facebook Vilma Gorosito pidi\u00f3, a trav\u00e9s de un grupo en esa red social, un vestido y elementos&hellip;<\/p>\n","protected":false},"author":3,"featured_media":3172,"comment_status":"closed","ping_status":"open","sticky":false,"template":"","format":"standard","meta":{"footnotes":""},"categories":[860],"tags":[66,67,836,855,471,572,738],"class_list":["post-3170","post","type-post","status-publish","format-standard","has-post-thumbnail","hentry","category-solidaridad-online","tag-arroyito","tag-arroyito-cordoba","tag-arroyito-online","tag-crisis","tag-jovenes","tag-noticias-de-arroyito-y-zona","tag-solidaridad"],"_links":{"self":[{"href":"https:\/\/arroyitoonline.com.ar\/index.php?rest_route=\/wp\/v2\/posts\/3170","targetHints":{"allow":["GET"]}}],"collection":[{"href":"https:\/\/arroyitoonline.com.ar\/index.php?rest_route=\/wp\/v2\/posts"}],"about":[{"href":"https:\/\/arroyitoonline.com.ar\/index.php?rest_route=\/wp\/v2\/types\/post"}],"author":[{"embeddable":true,"href":"https:\/\/arroyitoonline.com.ar\/index.php?rest_route=\/wp\/v2\/users\/3"}],"replies":[{"embeddable":true,"href":"https:\/\/arroyitoonline.com.ar\/index.php?rest_route=%2Fwp%2Fv2%2Fcomments&post=3170"}],"version-history":[{"count":2,"href":"https:\/\/arroyitoonline.com.ar\/index.php?rest_route=\/wp\/v2\/posts\/3170\/revisions"}],"predecessor-version":[{"id":3174,"href":"https:\/\/arroyitoonline.com.ar\/index.php?rest_route=\/wp\/v2\/posts\/3170\/revisions\/3174"}],"wp:featuredmedia":[{"embeddable":true,"href":"https:\/\/arroyitoonline.com.ar\/index.php?rest_route=\/wp\/v2\/media\/3172"}],"wp:attachment":[{"href":"https:\/\/arroyitoonline.com.ar\/index.php?rest_route=%2Fwp%2Fv2%2Fmedia&parent=3170"}],"wp:term":[{"taxonomy":"category","embeddable":true,"href":"https:\/\/arroyitoonline.com.ar\/index.php?rest_route=%2Fwp%2Fv2%2Fcategories&post=3170"},{"taxonomy":"post_tag","embeddable":true,"href":"https:\/\/arroyitoonline.com.ar\/index.php?rest_route=%2Fwp%2Fv2%2Ftags&post=3170"}],"curies":[{"name":"wp","href":"https:\/\/api.w.org\/{rel}","templated":true}]}}