{"id":3209,"date":"2019-04-09T04:27:20","date_gmt":"2019-04-09T04:27:20","guid":{"rendered":"http:\/\/arroyitoonline.com.ar\/?p=3209"},"modified":"2019-04-09T04:27:21","modified_gmt":"2019-04-09T04:27:21","slug":"chocaron-dos-autos-y-uno-termino-impactando-con-un-poste-de-luz","status":"publish","type":"post","link":"https:\/\/arroyitoonline.com.ar\/?p=3209","title":{"rendered":"Chocaron dos autos y uno termin\u00f3 impactando con un poste de luz"},"content":{"rendered":"\n<p><strong><em>Los conductores resultaron ilesos. Solo se\nregistraron da\u00f1os materiales.<\/em><\/strong><\/p>\n\n\n\n<p><em>El domingo 7 a las 6:55\nhoras, en la intersecci\u00f3n de las calles V\u00e9lez Sarsfield y Roque S\u00e1enz Pe\u00f1a,\nocurri\u00f3 un siniestro vial. <\/em><\/p>\n\n\n\n<p><em>En ese lugar, la\nPolic\u00eda entrevist\u00f3 a un joven (21) domiciliado en zona rural de Colonia Cuatro\nEsquinas, quien dijo que, momentos antes, circulaba en su veh\u00edculo Peugeot 208\nblanco por calle Roque S\u00e1enz Pe\u00f1a con sentido norte a sur. <\/em><\/p>\n\n\n\n<p><em>Cuando lleg\u00f3 a la\nesquina de V\u00e9lez colision\u00f3 con otro Peugeot 208 del mismo color conducido por un\nsujeto (26) de Arroyito.<\/em><\/p>\n\n\n\n<p><em>A ra\u00edz del impacto, el\nprimer rodado impact\u00f3 contra un poste de luz de S\u00e1enz Pe\u00f1a. Los conductores\nresultaron ilesos. Solo se registraron da\u00f1os materiales en ambos autos. <\/em><\/p>\n\n\n\n<p><em>Fuente: informe del comisario Inspector Pablo Berardo.<\/em><\/p>\n\n\n\n<p><em>La foto es gentileza de <strong>OK FM ARROYITO<\/strong>.<\/em><\/p>\n","protected":false},"excerpt":{"rendered":"<p>Los conductores resultaron ilesos. Solo se registraron da\u00f1os materiales. El domingo 7 a las 6:55 horas, en la intersecci\u00f3n de&hellip;<\/p>\n","protected":false},"author":3,"featured_media":3210,"comment_status":"closed","ping_status":"open","sticky":false,"template":"","format":"standard","meta":{"footnotes":""},"categories":[824],"tags":[66,67,836,191,572,635,637,638,825,737],"class_list":["post-3209","post","type-post","status-publish","format-standard","has-post-thumbnail","hentry","category-policiales-online","tag-arroyito","tag-arroyito-cordoba","tag-arroyito-online","tag-choque","tag-noticias-de-arroyito-y-zona","tag-policia","tag-policiales","tag-policiales-arroyito","tag-policiales-online","tag-siniestro-vial"],"_links":{"self":[{"href":"https:\/\/arroyitoonline.com.ar\/index.php?rest_route=\/wp\/v2\/posts\/3209","targetHints":{"allow":["GET"]}}],"collection":[{"href":"https:\/\/arroyitoonline.com.ar\/index.php?rest_route=\/wp\/v2\/posts"}],"about":[{"href":"https:\/\/arroyitoonline.com.ar\/index.php?rest_route=\/wp\/v2\/types\/post"}],"author":[{"embeddable":true,"href":"https:\/\/arroyitoonline.com.ar\/index.php?rest_route=\/wp\/v2\/users\/3"}],"replies":[{"embeddable":true,"href":"https:\/\/arroyitoonline.com.ar\/index.php?rest_route=%2Fwp%2Fv2%2Fcomments&post=3209"}],"version-history":[{"count":1,"href":"https:\/\/arroyitoonline.com.ar\/index.php?rest_route=\/wp\/v2\/posts\/3209\/revisions"}],"predecessor-version":[{"id":3211,"href":"https:\/\/arroyitoonline.com.ar\/index.php?rest_route=\/wp\/v2\/posts\/3209\/revisions\/3211"}],"wp:featuredmedia":[{"embeddable":true,"href":"https:\/\/arroyitoonline.com.ar\/index.php?rest_route=\/wp\/v2\/media\/3210"}],"wp:attachment":[{"href":"https:\/\/arroyitoonline.com.ar\/index.php?rest_route=%2Fwp%2Fv2%2Fmedia&parent=3209"}],"wp:term":[{"taxonomy":"category","embeddable":true,"href":"https:\/\/arroyitoonline.com.ar\/index.php?rest_route=%2Fwp%2Fv2%2Fcategories&post=3209"},{"taxonomy":"post_tag","embeddable":true,"href":"https:\/\/arroyitoonline.com.ar\/index.php?rest_route=%2Fwp%2Fv2%2Ftags&post=3209"}],"curies":[{"name":"wp","href":"https:\/\/api.w.org\/{rel}","templated":true}]}}