{"id":3212,"date":"2019-04-09T13:50:22","date_gmt":"2019-04-09T13:50:22","guid":{"rendered":"http:\/\/arroyitoonline.com.ar\/?p=3212"},"modified":"2019-04-09T14:06:16","modified_gmt":"2019-04-09T14:06:16","slug":"domingo-verde-ante-1-000-personas-el-cultural-agrego-un-clasico-mas-a-su-vitrina","status":"publish","type":"post","link":"https:\/\/arroyitoonline.com.ar\/?p=3212","title":{"rendered":"Domingo verde: ante 1.000 personas, el Cultural agreg\u00f3 un cl\u00e1sico m\u00e1s a su vitrina"},"content":{"rendered":"\n<p><strong>Con una\nbrillante actuaci\u00f3n del 10, Mat\u00edas Casales, que logr\u00f3 un doblete, el local se\nimpuso ante el 24, por 3 a 1. <\/strong><\/p>\n\n\n\n<p>Durante la tarde del domingo, en el Juan Carlos Savatero, y seg\u00fan cronic\u00f3 <strong>El Show del Gol<\/strong> (FM Cooperativa 91.3), el Cultural le gan\u00f3 3 a 1 al 24 de Septiembre y se qued\u00f3 con el cl\u00e1sico de la ciudad.<\/p>\n\n\n\n<p>La gran figura del encuentro fue Mat\u00edas Casales, que\nse meti\u00f3 en la historia de los derbies locales, con un segundo tiempo brillante,\nque lleg\u00f3 con doblete para \u00e9l.<\/p>\n\n\n\n<p>La primera parte arranc\u00f3 con mucha intensidad. A los cuatro\nminutos, un pase atr\u00e1s para el arquero Ferreyra, propici\u00f3 que Mayco Gonz\u00e1lez\npresionara arriba y le robara la pelota en el \u00e1rea y\u00e9ndose con el arco solo y\nconvirtiendo el primer tanto para el Azulgrana.<\/p>\n\n\n\n<p>Asimismo, las imprecisiones se repet\u00edan cuando cualquiera de los dos presionaba y forzaba el error. A los 10, lleg\u00f3 un centro al \u00e1rea que no pudieron rechazar los centrales. Peralta le peg\u00f3 al arco, Casales intercept\u00f3 el rebote y marc\u00f3 el empate.<\/p>\n\n\n\n<p>Aunque era un partido de ida y vuelta con muchos arribos y pocas situaciones, la mayor parte del primer tiempo se jug\u00f3 en campo del Sportivo, con la Verde manejando la pelota.<\/p>\n\n\n\n<p>En un tramo de los primeros 45, cuando Bocardi jugaba de espalda a los laterales y el Matador presionaba arriba lo sufri\u00f3 el Verde, que igual fue ganando la pulseada en la mitad y pudo cortar esa conexi\u00f3n. As\u00ed se ir\u00edan a los vestuarios con un empate que estaba bien.<\/p>\n\n\n\n<p>Los primeros minutos del complemento fueron chatos y segu\u00eda jug\u00e1ndose en campo del 24. Pero, el equipo de Flores fue ganando terreno. A los 20 minutos, Mat\u00edas Ferreyra, en una sensacional mano cambiada, le sac\u00f3 la m\u00e1s clara del Rojo en el partido.<\/p>\n\n\n\n<p>La respuesta del Cultural fue la mejor jugada colectiva del encuentro. A los 22, la recuper\u00f3 Russo en el fondo, sali\u00f3 jugando con ocho toques seguidos y dos paredes, hasta que le cay\u00f3 a\u00a0Santiago Gallar\u00e1\u00a0y, casi de primera, puso un pase riquelmeano entre los centrales, que lo dej\u00f3 a Casales solo frente a\u00a0Horacio Bustos. Con un remate arriba, el 10 verde estamp\u00f3 la pelota en el \u00e1ngulo superior derecho. Golazo, un gancho al ment\u00f3n que desestabiliz\u00f3 al Rojo.<\/p>\n\n\n\n<p>Luego, el Cultural creci\u00f3, se adue\u00f1\u00f3 de la pelota de manera total y empez\u00f3 a lastimar. A los 31 se dio una contra r\u00e1pida por la banda entre Saco y Casales, este le devolvi\u00f3 una pared que dej\u00f3 al juvenil solo frente a Bustos que, con mucha t\u00e9cnica se la toc\u00f3 abajo, suave a contra pie poniendo el 3 a 1.<\/p>\n\n\n\n<p>Nada que hacer para el equipo de Ludue\u00f1a, el cual sinti\u00f3 otro mazazo que lo noque\u00f3. Los \u00faltimos 15 fueron un mon\u00f3logo del Cultural, durante los cuales pudo ampliar el marcador varias veces. Por su parte, el Rojo insinu\u00f3 en los cinco finales pero la Verde, con mucho juego, se flore\u00f3 hasta que termin\u00f3 el juego. Su gran segundo tiempo justific\u00f3 la victoria y la diferencia.<\/p>\n\n\n\n<p>Despu\u00e9s de cuatro a\u00f1os sin cl\u00e1sico, la ciudad vibr\u00f3 al ritmo del local. Ante unas 1.000 personas, la Verde puso otro cl\u00e1sico en su vitrina.<\/p>\n\n\n\n<p>Fuente: El Show del Gol (FM Cooperativa 91.3).<\/p>\n\n\n\n<p>Foto: Rody Depetris. <\/p>\n","protected":false},"excerpt":{"rendered":"<p>Con una brillante actuaci\u00f3n del 10, Mat\u00edas Casales, que logr\u00f3 un doblete, el local se impuso ante el 24, por&hellip;<\/p>\n","protected":false},"author":3,"featured_media":3213,"comment_status":"closed","ping_status":"open","sticky":false,"template":"","format":"standard","meta":{"footnotes":""},"categories":[3],"tags":[66,67,836,933,206,207,277,393,498,572],"class_list":["post-3212","post","type-post","status-publish","format-standard","has-post-thumbnail","hentry","category-infodeporte","tag-arroyito","tag-arroyito-cordoba","tag-arroyito-online","tag-clasico-de-arroyito","tag-club-24","tag-club-cultural","tag-deportes","tag-futbol","tag-liga-regional-de-futbol-de-san-francisco","tag-noticias-de-arroyito-y-zona"],"_links":{"self":[{"href":"https:\/\/arroyitoonline.com.ar\/index.php?rest_route=\/wp\/v2\/posts\/3212","targetHints":{"allow":["GET"]}}],"collection":[{"href":"https:\/\/arroyitoonline.com.ar\/index.php?rest_route=\/wp\/v2\/posts"}],"about":[{"href":"https:\/\/arroyitoonline.com.ar\/index.php?rest_route=\/wp\/v2\/types\/post"}],"author":[{"embeddable":true,"href":"https:\/\/arroyitoonline.com.ar\/index.php?rest_route=\/wp\/v2\/users\/3"}],"replies":[{"embeddable":true,"href":"https:\/\/arroyitoonline.com.ar\/index.php?rest_route=%2Fwp%2Fv2%2Fcomments&post=3212"}],"version-history":[{"count":2,"href":"https:\/\/arroyitoonline.com.ar\/index.php?rest_route=\/wp\/v2\/posts\/3212\/revisions"}],"predecessor-version":[{"id":3216,"href":"https:\/\/arroyitoonline.com.ar\/index.php?rest_route=\/wp\/v2\/posts\/3212\/revisions\/3216"}],"wp:featuredmedia":[{"embeddable":true,"href":"https:\/\/arroyitoonline.com.ar\/index.php?rest_route=\/wp\/v2\/media\/3213"}],"wp:attachment":[{"href":"https:\/\/arroyitoonline.com.ar\/index.php?rest_route=%2Fwp%2Fv2%2Fmedia&parent=3212"}],"wp:term":[{"taxonomy":"category","embeddable":true,"href":"https:\/\/arroyitoonline.com.ar\/index.php?rest_route=%2Fwp%2Fv2%2Fcategories&post=3212"},{"taxonomy":"post_tag","embeddable":true,"href":"https:\/\/arroyitoonline.com.ar\/index.php?rest_route=%2Fwp%2Fv2%2Ftags&post=3212"}],"curies":[{"name":"wp","href":"https:\/\/api.w.org\/{rel}","templated":true}]}}