{"id":3217,"date":"2019-04-09T14:41:41","date_gmt":"2019-04-09T14:41:41","guid":{"rendered":"http:\/\/arroyitoonline.com.ar\/?p=3217"},"modified":"2019-04-09T14:45:55","modified_gmt":"2019-04-09T14:45:55","slug":"adoquinaran-900-metros-de-la-calle-jose-quintela","status":"publish","type":"post","link":"https:\/\/arroyitoonline.com.ar\/?p=3217","title":{"rendered":"Adoquinar\u00e1n 900 metros de la calle Jos\u00e9 Quintela"},"content":{"rendered":"\n<p><strong>La obra, que comenzar\u00e1 ma\u00f1ana, ser\u00e1 ejecutada entre Almafuerte y Bvd. Julio Taborda Vocos, sector sur de la ciudad.  <\/strong><\/p>\n\n\n\n<p>Ma\u00f1ana mi\u00e9rcoles 10, el Municipio comenzar\u00e1 con la ejecuci\u00f3n de 994 metros cuadrados de adoquinado en la calle Jos\u00e9 Quintela, entre Almafuerte y Bvd. Julio Taborda Vocos.<\/p>\n\n\n\n<p>Para su realizaci\u00f3n, desde la secretar\u00eda de Obras P\u00fablicas, excavan 12 cent\u00edmetros en la zona donde se colocar\u00e1 cada adoqu\u00edn. Luego de finalizada la excavaci\u00f3n, riegan y compactan con equipo pesado de tiro o autopropulsado sin vibraci\u00f3n, para que no se afecte a las construcciones vecinas. De producirse baches reemplazar\u00e1n el suelo afectado.<\/p>\n\n\n\n<p>Las condiciones que cumplir\u00e1 la base de asiento, son las mismas que las de un pavimento r\u00edgido de hormig\u00f3n simple. Una vez compactado dar\u00e1n el g\u00e1libo transversal de pendiente del 3%, con equipo motonivelador.<\/p>\n\n\n\n<p>El adoqu\u00edn es colocado sobre una cama de arena gruesa de 4 cent\u00edmetros de espesor y arena fina de sello, entre las juntas del bloque. Cabe destacar que el m\u00e9todo de colocaci\u00f3n es artesanal y es ejecutado por personas especializadas en estas labores.<\/p>\n\n\n\n<p>Entre las ventajas del pavimento de adoquines pueden citarse, adem\u00e1s de la cuesti\u00f3n est\u00e9tica, la inmediata habilitaci\u00f3n y la f\u00e1cil reparaci\u00f3n ante una eventual falla (por ejemplo rotura de ca\u00f1er\u00eda).<\/p>\n\n\n\n<p>Fuente: Prensa Municipal. <\/p>\n","protected":false},"excerpt":{"rendered":"<p>La obra, que comenzar\u00e1 ma\u00f1ana, ser\u00e1 ejecutada entre Almafuerte y Bvd. Julio Taborda Vocos, sector sur de la ciudad. Ma\u00f1ana&hellip;<\/p>\n","protected":false},"author":3,"featured_media":3218,"comment_status":"closed","ping_status":"open","sticky":false,"template":"","format":"standard","meta":{"footnotes":""},"categories":[829],"tags":[32,66,67,836,253,837,527,868,555,556,572,578],"class_list":["post-3217","post","type-post","status-publish","format-standard","has-post-thumbnail","hentry","category-municipales-online","tag-adoquinado","tag-arroyito","tag-arroyito-cordoba","tag-arroyito-online","tag-cravero","tag-lafarina","tag-mauricio-cravero","tag-municipales-online","tag-municipalidad","tag-municipalidad-de-arroyito","tag-noticias-de-arroyito-y-zona","tag-obras-publicas"],"_links":{"self":[{"href":"https:\/\/arroyitoonline.com.ar\/index.php?rest_route=\/wp\/v2\/posts\/3217","targetHints":{"allow":["GET"]}}],"collection":[{"href":"https:\/\/arroyitoonline.com.ar\/index.php?rest_route=\/wp\/v2\/posts"}],"about":[{"href":"https:\/\/arroyitoonline.com.ar\/index.php?rest_route=\/wp\/v2\/types\/post"}],"author":[{"embeddable":true,"href":"https:\/\/arroyitoonline.com.ar\/index.php?rest_route=\/wp\/v2\/users\/3"}],"replies":[{"embeddable":true,"href":"https:\/\/arroyitoonline.com.ar\/index.php?rest_route=%2Fwp%2Fv2%2Fcomments&post=3217"}],"version-history":[{"count":2,"href":"https:\/\/arroyitoonline.com.ar\/index.php?rest_route=\/wp\/v2\/posts\/3217\/revisions"}],"predecessor-version":[{"id":3220,"href":"https:\/\/arroyitoonline.com.ar\/index.php?rest_route=\/wp\/v2\/posts\/3217\/revisions\/3220"}],"wp:featuredmedia":[{"embeddable":true,"href":"https:\/\/arroyitoonline.com.ar\/index.php?rest_route=\/wp\/v2\/media\/3218"}],"wp:attachment":[{"href":"https:\/\/arroyitoonline.com.ar\/index.php?rest_route=%2Fwp%2Fv2%2Fmedia&parent=3217"}],"wp:term":[{"taxonomy":"category","embeddable":true,"href":"https:\/\/arroyitoonline.com.ar\/index.php?rest_route=%2Fwp%2Fv2%2Fcategories&post=3217"},{"taxonomy":"post_tag","embeddable":true,"href":"https:\/\/arroyitoonline.com.ar\/index.php?rest_route=%2Fwp%2Fv2%2Ftags&post=3217"}],"curies":[{"name":"wp","href":"https:\/\/api.w.org\/{rel}","templated":true}]}}