{"id":3221,"date":"2019-04-09T16:34:23","date_gmt":"2019-04-09T16:34:23","guid":{"rendered":"http:\/\/arroyitoonline.com.ar\/?p=3221"},"modified":"2019-04-09T18:40:22","modified_gmt":"2019-04-09T18:40:22","slug":"final-feliz-esmeralda-tendra-su-fiesta-de-15","status":"publish","type":"post","link":"https:\/\/arroyitoonline.com.ar\/?p=3221","title":{"rendered":"Final feliz: Esmeralda tendr\u00e1 su fiesta de 15"},"content":{"rendered":"\n<p><strong>Gracias a la\nsolidaridad de los vecinos de Arroyito, la adolescente que vive en Brinkmann\ncelebrar\u00e1 su cumplea\u00f1os m\u00e1s especial.<\/strong><\/p>\n\n\n\n<p>Ayer, desde<strong> Arroyito Online<\/strong>, nos hac\u00edamos eco de la particular publicaci\u00f3n realizada en un grupo de Facebook local. En el marco de la \u00e9poca de crisis en la que vivimos, Vilma Gorosito hab\u00eda contado que una joven llamada Esmeralda cumple 15 a\u00f1os, pero su familia no ten\u00eda recursos econ\u00f3micos para celebrarlo.<\/p>\n\n\n\n<div class=\"wp-block-image\"><figure class=\"aligncenter\"><img loading=\"lazy\" decoding=\"async\" width=\"493\" height=\"599\" src=\"http:\/\/arroyitoonline.com.ar\/wp-content\/uploads\/2019\/04\/Esmeralda.png\" alt=\"\" class=\"wp-image-3228\" srcset=\"https:\/\/arroyitoonline.com.ar\/wp-content\/uploads\/2019\/04\/Esmeralda.png 493w, https:\/\/arroyitoonline.com.ar\/wp-content\/uploads\/2019\/04\/Esmeralda-247x300.png 247w\" sizes=\"auto, (max-width: 493px) 100vw, 493px\" \/><figcaption><em>Esmeralda celebrar\u00e1 sus 15 a\u00f1os, gracias a la colaboraci\u00f3n de los vecinos de Arroyito<\/em><\/figcaption><\/figure><\/div>\n\n\n\n<p>Por eso, ella decidi\u00f3 ayudarla, solicitando la colaboraci\u00f3n de quienes leyeran el texto. Vilma ped\u00eda un vestido (<em>\u201csi es rojo, mejor, sino cualquier color\u201d<\/em>), adem\u00e1s de elementos para la decoraci\u00f3n de la mesa, como telas, flores, globos y caramelos. <em>\u201cEn calidad de pr\u00e9stamo, devuelvo todo\u201d<\/em>, hab\u00eda aclarado la mujer.<\/p>\n\n\n\n<div class=\"wp-block-image\"><figure class=\"aligncenter\"><img loading=\"lazy\" decoding=\"async\" width=\"500\" height=\"221\" src=\"http:\/\/arroyitoonline.com.ar\/wp-content\/uploads\/2019\/04\/agradecimiento-15-vilma.png\" alt=\"\" class=\"wp-image-3223\" srcset=\"https:\/\/arroyitoonline.com.ar\/wp-content\/uploads\/2019\/04\/agradecimiento-15-vilma.png 500w, https:\/\/arroyitoonline.com.ar\/wp-content\/uploads\/2019\/04\/agradecimiento-15-vilma-300x133.png 300w\" sizes=\"auto, (max-width: 500px) 100vw, 500px\" \/><figcaption><em>El agradecimiento de Vilma<\/em><\/figcaption><\/figure><\/div>\n\n\n\n<p>Luego de viralizarse este pedido, los usuarios de Facebook y vecinos de Arroyito se mostraron tan solidarios como siempre.<\/p>\n\n\n\n<p><em>\u201cQuiero agradecer a todos por su colaboraci\u00f3n por la fiesta de 15 de la ni\u00f1a. Yo no aclar\u00e9 que la fiestita es en Brinkmann, pero asimismo la gente colabor\u00f3. Gracias a todas las que ofrecieron sus vestidos, y dem\u00e1s cositas. La verdad que no esperaba semejante repuesta de todos ustedes, mis l\u00e1grimas fueron de mucha emoci\u00f3n\u201d<\/em>, escribi\u00f3 Vilma hoy, en una nueva publicaci\u00f3n, ya conociendo que esta historia tuvo un final feliz para Esmeralda, que tendr\u00e1 su cumple de 15 so\u00f1ado. <\/p>\n\n\n\n<p>Foto solo a modo ilustrativo.<\/p>\n","protected":false},"excerpt":{"rendered":"<p>Gracias a la solidaridad de los vecinos de Arroyito, la adolescente que vive en Brinkmann celebrar\u00e1 su cumplea\u00f1os m\u00e1s especial.&hellip;<\/p>\n","protected":false},"author":3,"featured_media":3222,"comment_status":"closed","ping_status":"open","sticky":false,"template":"","format":"standard","meta":{"footnotes":""},"categories":[860],"tags":[66,67,836,572,738],"class_list":["post-3221","post","type-post","status-publish","format-standard","has-post-thumbnail","hentry","category-solidaridad-online","tag-arroyito","tag-arroyito-cordoba","tag-arroyito-online","tag-noticias-de-arroyito-y-zona","tag-solidaridad"],"_links":{"self":[{"href":"https:\/\/arroyitoonline.com.ar\/index.php?rest_route=\/wp\/v2\/posts\/3221","targetHints":{"allow":["GET"]}}],"collection":[{"href":"https:\/\/arroyitoonline.com.ar\/index.php?rest_route=\/wp\/v2\/posts"}],"about":[{"href":"https:\/\/arroyitoonline.com.ar\/index.php?rest_route=\/wp\/v2\/types\/post"}],"author":[{"embeddable":true,"href":"https:\/\/arroyitoonline.com.ar\/index.php?rest_route=\/wp\/v2\/users\/3"}],"replies":[{"embeddable":true,"href":"https:\/\/arroyitoonline.com.ar\/index.php?rest_route=%2Fwp%2Fv2%2Fcomments&post=3221"}],"version-history":[{"count":3,"href":"https:\/\/arroyitoonline.com.ar\/index.php?rest_route=\/wp\/v2\/posts\/3221\/revisions"}],"predecessor-version":[{"id":3229,"href":"https:\/\/arroyitoonline.com.ar\/index.php?rest_route=\/wp\/v2\/posts\/3221\/revisions\/3229"}],"wp:featuredmedia":[{"embeddable":true,"href":"https:\/\/arroyitoonline.com.ar\/index.php?rest_route=\/wp\/v2\/media\/3222"}],"wp:attachment":[{"href":"https:\/\/arroyitoonline.com.ar\/index.php?rest_route=%2Fwp%2Fv2%2Fmedia&parent=3221"}],"wp:term":[{"taxonomy":"category","embeddable":true,"href":"https:\/\/arroyitoonline.com.ar\/index.php?rest_route=%2Fwp%2Fv2%2Fcategories&post=3221"},{"taxonomy":"post_tag","embeddable":true,"href":"https:\/\/arroyitoonline.com.ar\/index.php?rest_route=%2Fwp%2Fv2%2Ftags&post=3221"}],"curies":[{"name":"wp","href":"https:\/\/api.w.org\/{rel}","templated":true}]}}