{"id":3230,"date":"2019-04-09T19:05:32","date_gmt":"2019-04-09T19:05:32","guid":{"rendered":"http:\/\/arroyitoonline.com.ar\/?p=3230"},"modified":"2019-04-09T19:06:55","modified_gmt":"2019-04-09T19:06:55","slug":"lafarina-recaudara-fondos-de-campana-con-una-cena-proselitista","status":"publish","type":"post","link":"https:\/\/arroyitoonline.com.ar\/?p=3230","title":{"rendered":"Lafarina recaudar\u00e1 fondos de campa\u00f1a con una cena proselitista"},"content":{"rendered":"\n<p><strong>Tal como lo hacen pol\u00edticos provinciales y nacionales, el ingeniero receptar\u00e1 aportes de simpatizantes y correligionarios, en un evento que tiende a la <em>\u201cmodernizaci\u00f3n de la pol\u00edtica\u201d<\/em>.<\/strong><\/p>\n\n\n\n<p>Tal como lo han hecho y lo hacen\npol\u00edticos provinciales y nacionales, este viernes 12 de abril, en el Club de\nAbuelos de Arroyito, el precandidato craverista a intendente Daniel Lafarina\nencabezar\u00e1 una cena proselitista. <\/p>\n\n\n\n<p>Desde su entorno explicaron a <strong>Arroyito Online <\/strong>que la idea es que se\ngeneren fondos genuinos para la campa\u00f1a electoral que protagoniza el ingeniero\napuntando a la <em>\u201cmodernizaci\u00f3n de la\npol\u00edtica\u201d<\/em>. <\/p>\n\n\n\n<div class=\"wp-block-image\"><figure class=\"aligncenter\"><img loading=\"lazy\" decoding=\"async\" width=\"1024\" height=\"487\" src=\"http:\/\/arroyitoonline.com.ar\/wp-content\/uploads\/2019\/04\/b333298c-c0a8-4192-98e7-d9da9163457f-1024x487.jpg\" alt=\"\" class=\"wp-image-3232\" srcset=\"https:\/\/arroyitoonline.com.ar\/wp-content\/uploads\/2019\/04\/b333298c-c0a8-4192-98e7-d9da9163457f-1024x487.jpg 1024w, https:\/\/arroyitoonline.com.ar\/wp-content\/uploads\/2019\/04\/b333298c-c0a8-4192-98e7-d9da9163457f-300x143.jpg 300w, https:\/\/arroyitoonline.com.ar\/wp-content\/uploads\/2019\/04\/b333298c-c0a8-4192-98e7-d9da9163457f-768x365.jpg 768w, https:\/\/arroyitoonline.com.ar\/wp-content\/uploads\/2019\/04\/b333298c-c0a8-4192-98e7-d9da9163457f.jpg 1280w\" sizes=\"auto, (max-width: 1024px) 100vw, 1024px\" \/><figcaption><em>La invitaci\u00f3n<\/em><\/figcaption><\/figure><\/div>\n\n\n\n<p>Los invitados del viernes son aportantes, simpatizantes, correligionarios y militantes de la facci\u00f3n del Radicalismo local liderada por el primer mandatario Mauricio Cravero, quien tambi\u00e9n se encuentra en campa\u00f1a buscando ganarse una banca en la Legislatura de la Provincia de C\u00f3rdoba, de la mano del candidato a gobernador Ram\u00f3n Mestre.<\/p>\n\n\n\n<p>Adem\u00e1s, quienes hoy trabajan en el posicionamiento del actual secretario municipal de Obras P\u00fablicas creen que la realizaci\u00f3n de este evento, cuya entrada no es econ\u00f3mica si se la compara con otros sociales, <em>\u201ces la manera m\u00e1s potable para transparentar lo que se hace y de d\u00f3nde salen los fondos. M\u00e1s a\u00fan siendo oficialismo\u201d<\/em>, anticipando que del encuentro participar\u00e1n los principales empresarios de Arroyito. <\/p>\n","protected":false},"excerpt":{"rendered":"<p>Tal como lo hacen pol\u00edticos provinciales y nacionales, el ingeniero receptar\u00e1 aportes de simpatizantes y correligionarios, en un evento que&hellip;<\/p>\n","protected":false},"author":3,"featured_media":3231,"comment_status":"closed","ping_status":"open","sticky":false,"template":"","format":"standard","meta":{"footnotes":""},"categories":[8],"tags":[13,66,67,836,869,253,318,837,527,572,640,667,871],"class_list":["post-3230","post","type-post","status-publish","format-standard","has-post-thumbnail","hentry","category-politica","tag-13","tag-arroyito","tag-arroyito-cordoba","tag-arroyito-online","tag-campana-electoral","tag-cravero","tag-elecciones","tag-lafarina","tag-mauricio-cravero","tag-noticias-de-arroyito-y-zona","tag-politica","tag-radical","tag-radicalismo"],"_links":{"self":[{"href":"https:\/\/arroyitoonline.com.ar\/index.php?rest_route=\/wp\/v2\/posts\/3230","targetHints":{"allow":["GET"]}}],"collection":[{"href":"https:\/\/arroyitoonline.com.ar\/index.php?rest_route=\/wp\/v2\/posts"}],"about":[{"href":"https:\/\/arroyitoonline.com.ar\/index.php?rest_route=\/wp\/v2\/types\/post"}],"author":[{"embeddable":true,"href":"https:\/\/arroyitoonline.com.ar\/index.php?rest_route=\/wp\/v2\/users\/3"}],"replies":[{"embeddable":true,"href":"https:\/\/arroyitoonline.com.ar\/index.php?rest_route=%2Fwp%2Fv2%2Fcomments&post=3230"}],"version-history":[{"count":2,"href":"https:\/\/arroyitoonline.com.ar\/index.php?rest_route=\/wp\/v2\/posts\/3230\/revisions"}],"predecessor-version":[{"id":3234,"href":"https:\/\/arroyitoonline.com.ar\/index.php?rest_route=\/wp\/v2\/posts\/3230\/revisions\/3234"}],"wp:featuredmedia":[{"embeddable":true,"href":"https:\/\/arroyitoonline.com.ar\/index.php?rest_route=\/wp\/v2\/media\/3231"}],"wp:attachment":[{"href":"https:\/\/arroyitoonline.com.ar\/index.php?rest_route=%2Fwp%2Fv2%2Fmedia&parent=3230"}],"wp:term":[{"taxonomy":"category","embeddable":true,"href":"https:\/\/arroyitoonline.com.ar\/index.php?rest_route=%2Fwp%2Fv2%2Fcategories&post=3230"},{"taxonomy":"post_tag","embeddable":true,"href":"https:\/\/arroyitoonline.com.ar\/index.php?rest_route=%2Fwp%2Fv2%2Ftags&post=3230"}],"curies":[{"name":"wp","href":"https:\/\/api.w.org\/{rel}","templated":true}]}}