{"id":3241,"date":"2019-04-09T13:57:33","date_gmt":"2019-04-09T13:57:33","guid":{"rendered":"http:\/\/arroyitoonline.com.ar\/?p=3241"},"modified":"2019-04-11T13:52:00","modified_gmt":"2019-04-11T13:52:00","slug":"vida-sobre-vida-inauguro-su-casa-propia-en-un-emotivo-acto","status":"publish","type":"post","link":"https:\/\/arroyitoonline.com.ar\/?p=3241","title":{"rendered":"Vida Sobre Vida inaugur\u00f3 su casa propia, en un emotivo acto"},"content":{"rendered":"\n<p><strong>La ONG cumpli\u00f3 el sue\u00f1o de su mentora, Edith N\u00e9lida Casalis, gracias a la donaci\u00f3n del inmueble, por parte de la familia Lucero y la colaboraci\u00f3n de instituciones, como el Municipio, y particulares. <\/strong><\/p>\n\n\n\n<p>El pasado viernes 5, la Asociaci\u00f3n Civil Vida Sobre Vida inaugur\u00f3 su casa propia, en un emotivo acto. Del evento particip\u00f3 un nutrido n\u00famero de funcionarios y referentes de instituciones, incluido el intendente Mauricio Cravero, que acompa\u00f1\u00f3 a la comisi\u00f3n directiva de la ONG.<\/p>\n\n\n\n<p>En la ocasi\u00f3n, se record\u00f3 a quien fuera la fundadora, mentora y presidenta de Vida, hasta sus \u00faltimos d\u00edas, Edith N\u00e9lida Casalis. Inclusive la familia de Edith entreg\u00f3 a la asociaci\u00f3n, un cuadro que contiene una de sus frases de cabecera, perteneciente a la Madre Teresa de Calcuta: <em>&#8220;Un sacrificio, para ser verdadero, tiene que costar, tiene que doler, tiene que vaciarnos de nosotros mismos. El fruto del silencio es la oraci\u00f3n, el fruto de la oraci\u00f3n es la fe, el fruto de la fe es el amor, el fruto del amor es el servicio, el fruto del servicio es la paz&#8221;<\/em>. <\/p>\n\n\n\n<p>M\u00e1s tarde, el actual presidente de la ONG que atiende a pacientes oncol\u00f3gicos, Hugo Alberione, pronunci\u00f3 palabras alusivas. A continuaci\u00f3n, anunciaron una de las salas de la flamante sede llevar\u00e1 el nombre de la ciudadana Ilustre Nilda Fonti de Martinatto. Adem\u00e1s, descubrieron una placa en nombre del Municipio, que hizo entrega de un subsidio de $20.000 y la orden de compra en pintura para el fibrado del inmueble donado por la familia Lucero. <\/p>\n\n\n\n<p><strong>Historia:<\/strong><\/p>\n\n\n\n<p>El a\u00f1o 2006, la propulsora fue Edith Casalis que invito a su vecina y amiga Marisel Buffa ambas ten\u00edan como visi\u00f3n conformar una asociaci\u00f3n de autoayuda a pacientes oncol\u00f3gicos. Habiendo atravesando la enfermedad,&nbsp; se volvi\u00f3 un proyecto a concretar contar con una ONG que estuviera destinada a la mejora de la calidad de vida del paciente.<\/p>\n\n\n\n<p>En ese entonces la Asociaci\u00f3n comenz\u00f3 con el servicio de tratamientos psicooncol\u00f3gicos con la Lic. Richardet, trabajando durante todo el a\u00f1o 2006 para sostener dichas terapias.<\/p>\n\n\n\n<p>El&nbsp; 22 de agosto de 2007 se declara de inter\u00e9s municipal, logrando la legitimaci\u00f3n en la sociedad de Arroyito. En ese mismo a\u00f1o se logra la personer\u00eda Jur\u00eddica de la ONG como Asociaci\u00f3n Civil.<\/p>\n\n\n\n<p>En el mes de febrero de 2008&nbsp; se lanza el&nbsp; proyecto con presupuesto estimativo para la concreci\u00f3n del primer gran anhelo: un \u201cHospital de d\u00eda para tratamientos de pacientes oncol\u00f3gicos\u201d. El proyecto se envi\u00f3 a m\u00e1s de 150 personas y empresas. El 15 de noviembre de 2008 se inaugura el Hospital de D\u00eda, con el trabajo en conjunto de la esfera p\u00fablica, privada y no gubernamental.<\/p>\n\n\n\n<p>Desde sus inicios el Hospital de d\u00eda cont\u00f3 y cuenta en la actualidad, con la atenci\u00f3n de la Dra. Andrea Sosa, y enfermeras que se capacitan a\u00f1o tras a\u00f1o. Actualmente su sum\u00f3 al equipo de trabajo la Dra. Mema Mar\u00eda y los tratamientos psicol\u00f3gicos son llevados a cabo por la Lic. Richardet. Este espacio ha sido mantenido durante el tiempo y la gesti\u00f3n del Intendente Cravero a apoyado incondicionalmente a esta gran Asociaci\u00f3n en estos a\u00f1os.&nbsp;<\/p>\n\n\n\n<p>La misi\u00f3n que tiene \u201cVida sobre vida\u201d es trabajar por la calidad de vida del paciente con c\u00e1ncer, brindando contenci\u00f3n psicol\u00f3gica individual y al grupo familiar. Se trabaja en la prevenci\u00f3n y sensibilizaci\u00f3n en todos los estadios de la vida, teniendo una mirada bio-psico-social sobre la salud y la enfermedad, trabajando de manera conjunta con el Hospital Dr. Carlos J. Rodr\u00edguez en los tratamientos m\u00e9dicos especializado.<\/p>\n\n\n\n<p>Fuente: Prensa Municipal. <\/p>\n","protected":false},"excerpt":{"rendered":"<p>La ONG cumpli\u00f3 el sue\u00f1o de su mentora, Edith N\u00e9lida Casalis, gracias a la donaci\u00f3n del inmueble, por parte de&hellip;<\/p>\n","protected":false},"author":3,"featured_media":3242,"comment_status":"closed","ping_status":"open","sticky":false,"template":"","format":"standard","meta":{"footnotes":""},"categories":[900,9],"tags":[66,67,836,151,508,868,555,556,650,706,799],"class_list":["post-3241","post","type-post","status-publish","format-standard","has-post-thumbnail","hentry","category-noticias","category-infosalud","tag-arroyito","tag-arroyito-cordoba","tag-arroyito-online","tag-cancer","tag-lucha-contra-el-cancer","tag-municipales-online","tag-municipalidad","tag-municipalidad-de-arroyito","tag-prevencion","tag-salud","tag-vida-sobre-vida"],"_links":{"self":[{"href":"https:\/\/arroyitoonline.com.ar\/index.php?rest_route=\/wp\/v2\/posts\/3241","targetHints":{"allow":["GET"]}}],"collection":[{"href":"https:\/\/arroyitoonline.com.ar\/index.php?rest_route=\/wp\/v2\/posts"}],"about":[{"href":"https:\/\/arroyitoonline.com.ar\/index.php?rest_route=\/wp\/v2\/types\/post"}],"author":[{"embeddable":true,"href":"https:\/\/arroyitoonline.com.ar\/index.php?rest_route=\/wp\/v2\/users\/3"}],"replies":[{"embeddable":true,"href":"https:\/\/arroyitoonline.com.ar\/index.php?rest_route=%2Fwp%2Fv2%2Fcomments&post=3241"}],"version-history":[{"count":2,"href":"https:\/\/arroyitoonline.com.ar\/index.php?rest_route=\/wp\/v2\/posts\/3241\/revisions"}],"predecessor-version":[{"id":3245,"href":"https:\/\/arroyitoonline.com.ar\/index.php?rest_route=\/wp\/v2\/posts\/3241\/revisions\/3245"}],"wp:featuredmedia":[{"embeddable":true,"href":"https:\/\/arroyitoonline.com.ar\/index.php?rest_route=\/wp\/v2\/media\/3242"}],"wp:attachment":[{"href":"https:\/\/arroyitoonline.com.ar\/index.php?rest_route=%2Fwp%2Fv2%2Fmedia&parent=3241"}],"wp:term":[{"taxonomy":"category","embeddable":true,"href":"https:\/\/arroyitoonline.com.ar\/index.php?rest_route=%2Fwp%2Fv2%2Fcategories&post=3241"},{"taxonomy":"post_tag","embeddable":true,"href":"https:\/\/arroyitoonline.com.ar\/index.php?rest_route=%2Fwp%2Fv2%2Ftags&post=3241"}],"curies":[{"name":"wp","href":"https:\/\/api.w.org\/{rel}","templated":true}]}}