{"id":3246,"date":"2019-04-11T14:10:49","date_gmt":"2019-04-11T14:10:49","guid":{"rendered":"http:\/\/arroyitoonline.com.ar\/?p=3246"},"modified":"2019-04-11T17:36:18","modified_gmt":"2019-04-11T17:36:18","slug":"3246","status":"publish","type":"post","link":"https:\/\/arroyitoonline.com.ar\/?p=3246","title":{"rendered":"Cravero particip\u00f3 en la inauguraci\u00f3n de la sede sanfransisque\u00f1a de la PFA"},"content":{"rendered":"\n<p><strong>El intendente de Aroyito y su secretario de Gobierno Ignacio Cabello estuvieron junto a la ministra nacional de Seguridad Patricia Bullrich, que dej\u00f3 funcionando el edificio local de la Polic\u00eda Federal Argentina. <\/strong><\/p>\n\n\n\n<p>El martes 9,\u00a0 el intendente Mauricio Cravero y el secretario de Gobierno Ignacio Cabello participaron de la inauguraci\u00f3n de la Sede de la Polic\u00eda Federal Argentina Delegaci\u00f3n San Francisco, que cont\u00f3 con la presencia de la ministra de Seguridad de la Naci\u00f3n, Patricia Bullrich.<\/p>\n\n\n\n<p>En la ocasi\u00f3n, Cravero manifest\u00f3 que <em>\u201cEs muy importante la llegada de la Polic\u00eda Federal a San Francisco. Esto es gran paso para el departamento San Justo para poder desarticular el narcotr\u00e1fico que opera en la frontera entre las provincias de C\u00f3rdoba y Santa Fe y, de esta manera, la Justicia se fortalece para poder combatir la delincuencia\u201d<\/em>.<\/p>\n\n\n\n<p>Adem\u00e1s, por largos a\u00f1os, San Francisco dependi\u00f3 en la jurisdicci\u00f3n federal de juzgados y fuerzas que estaban radicadas a m\u00e1s de 100 kil\u00f3metros de la ciudad. Una situaci\u00f3n que, de manera paulatina, fue modific\u00e1ndose con la designaci\u00f3n de un juez y fiscal federal en un primer momento, el aporte del destacamento local de Gendarmer\u00eda Nacional Argentina (GNA) m\u00e1s adelante y, desde ahora, tambi\u00e9n de la Polic\u00eda Federal Argentina (PFA).<\/p>\n\n\n\n<p>Por esta raz\u00f3n, la ministra de Seguridad de la Naci\u00f3n, Patricia Bullrich, inaugur\u00f3 el edificio de calle Pellegrini 491 para dejarlo habilitado. All\u00ed donde hasta enero funcion\u00f3 el Arzobispado de la Di\u00f3cesis sanfrancisque\u00f1a, trabajar\u00e1n 63 efectivos que componen la Delegaci\u00f3n de PFA y la Divisi\u00f3n Antidrogas.<\/p>\n\n\n\n<p>Fuente: Prensa Municipal. <\/p>\n","protected":false},"excerpt":{"rendered":"<p>El intendente de Aroyito y su secretario de Gobierno Ignacio Cabello estuvieron junto a la ministra nacional de Seguridad Patricia&hellip;<\/p>\n","protected":false},"author":3,"featured_media":3247,"comment_status":"closed","ping_status":"open","sticky":false,"template":"","format":"standard","meta":{"footnotes":""},"categories":[829,824],"tags":[868,555,556,572,934,635,637,638,825,710],"class_list":["post-3246","post","type-post","status-publish","format-standard","has-post-thumbnail","hentry","category-municipales-online","category-policiales-online","tag-municipales-online","tag-municipalidad","tag-municipalidad-de-arroyito","tag-noticias-de-arroyito-y-zona","tag-pfa","tag-policia","tag-policiales","tag-policiales-arroyito","tag-policiales-online","tag-san-francisco"],"_links":{"self":[{"href":"https:\/\/arroyitoonline.com.ar\/index.php?rest_route=\/wp\/v2\/posts\/3246","targetHints":{"allow":["GET"]}}],"collection":[{"href":"https:\/\/arroyitoonline.com.ar\/index.php?rest_route=\/wp\/v2\/posts"}],"about":[{"href":"https:\/\/arroyitoonline.com.ar\/index.php?rest_route=\/wp\/v2\/types\/post"}],"author":[{"embeddable":true,"href":"https:\/\/arroyitoonline.com.ar\/index.php?rest_route=\/wp\/v2\/users\/3"}],"replies":[{"embeddable":true,"href":"https:\/\/arroyitoonline.com.ar\/index.php?rest_route=%2Fwp%2Fv2%2Fcomments&post=3246"}],"version-history":[{"count":2,"href":"https:\/\/arroyitoonline.com.ar\/index.php?rest_route=\/wp\/v2\/posts\/3246\/revisions"}],"predecessor-version":[{"id":3252,"href":"https:\/\/arroyitoonline.com.ar\/index.php?rest_route=\/wp\/v2\/posts\/3246\/revisions\/3252"}],"wp:featuredmedia":[{"embeddable":true,"href":"https:\/\/arroyitoonline.com.ar\/index.php?rest_route=\/wp\/v2\/media\/3247"}],"wp:attachment":[{"href":"https:\/\/arroyitoonline.com.ar\/index.php?rest_route=%2Fwp%2Fv2%2Fmedia&parent=3246"}],"wp:term":[{"taxonomy":"category","embeddable":true,"href":"https:\/\/arroyitoonline.com.ar\/index.php?rest_route=%2Fwp%2Fv2%2Fcategories&post=3246"},{"taxonomy":"post_tag","embeddable":true,"href":"https:\/\/arroyitoonline.com.ar\/index.php?rest_route=%2Fwp%2Fv2%2Ftags&post=3246"}],"curies":[{"name":"wp","href":"https:\/\/api.w.org\/{rel}","templated":true}]}}