{"id":3276,"date":"2019-04-12T14:35:56","date_gmt":"2019-04-12T14:35:56","guid":{"rendered":"http:\/\/arroyitoonline.com.ar\/?p=3276"},"modified":"2019-04-12T14:35:58","modified_gmt":"2019-04-12T14:35:58","slug":"el-obispo-buenanueva-leyo-por-primera-vez-la-homilia-desde-su-tablet","status":"publish","type":"post","link":"https:\/\/arroyitoonline.com.ar\/?p=3276","title":{"rendered":"El obispo Buenanueva ley\u00f3, por primera vez, la homil\u00eda desde su tablet"},"content":{"rendered":"\n<p><strong>El monse\u00f1or lo cont\u00f3 a\ntrav\u00e9s de sus redes sociales. Dijo que lo hizo en la Misa Crismal, como una\nforma de ahorrar papel. <\/strong><\/p>\n\n\n\n<p>No es noticia que la tecnolog\u00eda ya es parte de nuestras vidas\ncotidianas y que alcanza casi todas nuestras actividades diarias. Ayer y, en\nesta l\u00ednea, el obispo de la Di\u00f3cesis de San Francisco, monse\u00f1or Sergio\nBuenanueva, comparti\u00f3 un posteo en sus redes sociales sum\u00e1ndose a este\nfen\u00f3meno. <\/p>\n\n\n\n<p>Es que el prelado al que responde la ciudad de Arroyito cont\u00f3\nque, por primera vez, ley\u00f3 la homil\u00eda de su tablet. Cabe destacar que este\nserm\u00f3n corto solemne, situado entre la lectura de la Palabra y la oraci\u00f3n de\nlos fieles, es uno de los momentos m\u00e1s importantes de la liturgia para entender\nde forma simple y f\u00e1cil el significado de la Sagrada Escritura, a trav\u00e9s de\nquien preside la Misa, en este caso, el obispo. En este caso se trat\u00f3 de la\nMisa Crismal celebrada en la Catedral de San Francisco, momento en el que <\/p>\n\n\n\n<p>En el mismo sentido, monse\u00f1or Buenanueva explic\u00f3 que us\u00f3 el dispositivo\nporque <em>\u201cahorr\u00e9 papel\u201d<\/em> y se pregunt\u00f3\nsi la que rez\u00f3 fue una <em>\u201c\u00bfMisa Crismal\necofriendly?\u201d<\/em>, es decir, amigable con el medioambiente. <\/p>\n\n\n\n<p><strong>\u00bfQu\u00e9 es la Misa Crismal?<\/strong><\/p>\n\n\n\n<p>Es la celebraci\u00f3n en la que, presidida por el obispo y\nconcelebrada con los presb\u00edteros de la Di\u00f3cesis, se consagra el Santo Crisma y\nbendicen los restantes \u00f3leos (aceites) de los catec\u00famenos y de los enfermos. El\nrito de esta misa incluye la renovaci\u00f3n de las promesas sacerdotales. Tras la\nhomil\u00eda, el obispo invita a sus sacerdotes a renovar su consagraci\u00f3n y\ndedicaci\u00f3n a Cristo y a la Iglesia. Juntos prometen de manera solemne unirse\nm\u00e1s de cerca a Cristo, ser sus fieles ministros, ense\u00f1ar y ofrecer el santo\nsacrificio en su nombre y conducir a otros a \u00e9l.\n\nFuente: teinteresa.es Religi\u00f3n.\n\n\n\n<\/p>\n","protected":false},"excerpt":{"rendered":"<p>El monse\u00f1or lo cont\u00f3 a trav\u00e9s de sus redes sociales. Dijo que lo hizo en la Misa Crismal, como una&hellip;<\/p>\n","protected":false},"author":3,"featured_media":3277,"comment_status":"closed","ping_status":"open","sticky":false,"template":"","format":"standard","meta":{"footnotes":""},"categories":[935],"tags":[66,67,836,431,432,572,937,681,710,724],"class_list":["post-3276","post","type-post","status-publish","format-standard","has-post-thumbnail","hentry","category-religion","tag-arroyito","tag-arroyito-cordoba","tag-arroyito-online","tag-iglesia","tag-iglesia-catolica","tag-noticias-de-arroyito-y-zona","tag-obispo-buenanueva","tag-religion","tag-san-francisco","tag-semana-santa"],"_links":{"self":[{"href":"https:\/\/arroyitoonline.com.ar\/index.php?rest_route=\/wp\/v2\/posts\/3276","targetHints":{"allow":["GET"]}}],"collection":[{"href":"https:\/\/arroyitoonline.com.ar\/index.php?rest_route=\/wp\/v2\/posts"}],"about":[{"href":"https:\/\/arroyitoonline.com.ar\/index.php?rest_route=\/wp\/v2\/types\/post"}],"author":[{"embeddable":true,"href":"https:\/\/arroyitoonline.com.ar\/index.php?rest_route=\/wp\/v2\/users\/3"}],"replies":[{"embeddable":true,"href":"https:\/\/arroyitoonline.com.ar\/index.php?rest_route=%2Fwp%2Fv2%2Fcomments&post=3276"}],"version-history":[{"count":1,"href":"https:\/\/arroyitoonline.com.ar\/index.php?rest_route=\/wp\/v2\/posts\/3276\/revisions"}],"predecessor-version":[{"id":3278,"href":"https:\/\/arroyitoonline.com.ar\/index.php?rest_route=\/wp\/v2\/posts\/3276\/revisions\/3278"}],"wp:featuredmedia":[{"embeddable":true,"href":"https:\/\/arroyitoonline.com.ar\/index.php?rest_route=\/wp\/v2\/media\/3277"}],"wp:attachment":[{"href":"https:\/\/arroyitoonline.com.ar\/index.php?rest_route=%2Fwp%2Fv2%2Fmedia&parent=3276"}],"wp:term":[{"taxonomy":"category","embeddable":true,"href":"https:\/\/arroyitoonline.com.ar\/index.php?rest_route=%2Fwp%2Fv2%2Fcategories&post=3276"},{"taxonomy":"post_tag","embeddable":true,"href":"https:\/\/arroyitoonline.com.ar\/index.php?rest_route=%2Fwp%2Fv2%2Ftags&post=3276"}],"curies":[{"name":"wp","href":"https:\/\/api.w.org\/{rel}","templated":true}]}}