{"id":3289,"date":"2019-04-15T03:30:30","date_gmt":"2019-04-15T03:30:30","guid":{"rendered":"http:\/\/arroyitoonline.com.ar\/?p=3289"},"modified":"2019-04-15T03:32:12","modified_gmt":"2019-04-15T03:32:12","slug":"se-viene-la-13a-feria-del-libro-infanto-juvenil-in-situ","status":"publish","type":"post","link":"https:\/\/arroyitoonline.com.ar\/?p=3289","title":{"rendered":"Se viene la 13\u00aa Feria del Libro Infanto Juvenil In Situ"},"content":{"rendered":"\n<p><strong>El evento est\u00e1 organizado por la Biblioteca Municipal Popular Almafuerte. Ser\u00e1 este martes 16, en jornada completa. <\/strong><\/p>\n\n\n\n<p>Este martes 16 de abril desde las 8:00 y hasta las 21:00 horas, en la Biblioteca Municipal Popular Almafuerte, se desarrollar\u00e1 la 13\u00aa Edici\u00f3n de la Feria del Libro Infanto Juvenil In Situ.<\/p>\n\n\n\n<p>Ser\u00e1 una jornada completa, para el disfrute de diversas actividades dispuestas para los ni\u00f1os y j\u00f3venes.<\/p>\n\n\n\n<figure class=\"wp-block-image\"><img loading=\"lazy\" decoding=\"async\" width=\"1024\" height=\"724\" src=\"http:\/\/arroyitoonline.com.ar\/wp-content\/uploads\/2019\/04\/feria-infanto-juvenil-in-situ-1024x724.jpg\" alt=\"\" class=\"wp-image-3292\" srcset=\"https:\/\/arroyitoonline.com.ar\/wp-content\/uploads\/2019\/04\/feria-infanto-juvenil-in-situ-1024x724.jpg 1024w, https:\/\/arroyitoonline.com.ar\/wp-content\/uploads\/2019\/04\/feria-infanto-juvenil-in-situ-300x212.jpg 300w, https:\/\/arroyitoonline.com.ar\/wp-content\/uploads\/2019\/04\/feria-infanto-juvenil-in-situ-768x543.jpg 768w, https:\/\/arroyitoonline.com.ar\/wp-content\/uploads\/2019\/04\/feria-infanto-juvenil-in-situ.jpg 1200w\" sizes=\"auto, (max-width: 1024px) 100vw, 1024px\" \/><figcaption><em>Este a\u00f1o se suma la actividad Un libro lleva a otro libro<\/em><\/figcaption><\/figure>\n\n\n\n<p>Tambi\u00e9n este a\u00f1o se suma al evento, una actividad de taller llamada Un libro lleva a otro Libro direccionada a directivos, docentes, preceptores, auxiliares educativos y profesionales. <em>&#8220;Consideramos de gran importancia el aporte de esta Feria a la formaci\u00f3n Cultural y Educativa de Ni\u00f1os y J\u00f3venes&#8221;<\/em>, dijeron desde la instituci\u00f3n anfitriona, y animaron a que <em>&#8220;\u00a1No te quedes sin tu lugar! es con cupos limitados!&nbsp;Te esperamos para que te inscribas y disfrutemos de una excelente jornada literaria&#8221;<\/em>.<\/p>\n\n\n\n<p>Fuente: Prensa Municipal. <\/p>\n\n\n\n<p>Foto de archivo 2018.<\/p>\n","protected":false},"excerpt":{"rendered":"<p>El evento est\u00e1 organizado por la Biblioteca Municipal Popular Almafuerte. Ser\u00e1 este martes 16, en jornada completa. Este martes 16&hellip;<\/p>\n","protected":false},"author":3,"featured_media":3290,"comment_status":"closed","ping_status":"open","sticky":false,"template":"","format":"standard","meta":{"footnotes":""},"categories":[2],"tags":[66,67,836,117,886,939,492,499,572],"class_list":["post-3289","post","type-post","status-publish","format-standard","has-post-thumbnail","hentry","category-cultura-y-espectaculos","tag-arroyito","tag-arroyito-cordoba","tag-arroyito-online","tag-biblioteca","tag-biblioteca-municipal-popular-almafuerte","tag-feria-infanto-juvenil-in-situ","tag-libros","tag-literatura","tag-noticias-de-arroyito-y-zona"],"_links":{"self":[{"href":"https:\/\/arroyitoonline.com.ar\/index.php?rest_route=\/wp\/v2\/posts\/3289","targetHints":{"allow":["GET"]}}],"collection":[{"href":"https:\/\/arroyitoonline.com.ar\/index.php?rest_route=\/wp\/v2\/posts"}],"about":[{"href":"https:\/\/arroyitoonline.com.ar\/index.php?rest_route=\/wp\/v2\/types\/post"}],"author":[{"embeddable":true,"href":"https:\/\/arroyitoonline.com.ar\/index.php?rest_route=\/wp\/v2\/users\/3"}],"replies":[{"embeddable":true,"href":"https:\/\/arroyitoonline.com.ar\/index.php?rest_route=%2Fwp%2Fv2%2Fcomments&post=3289"}],"version-history":[{"count":2,"href":"https:\/\/arroyitoonline.com.ar\/index.php?rest_route=\/wp\/v2\/posts\/3289\/revisions"}],"predecessor-version":[{"id":3293,"href":"https:\/\/arroyitoonline.com.ar\/index.php?rest_route=\/wp\/v2\/posts\/3289\/revisions\/3293"}],"wp:featuredmedia":[{"embeddable":true,"href":"https:\/\/arroyitoonline.com.ar\/index.php?rest_route=\/wp\/v2\/media\/3290"}],"wp:attachment":[{"href":"https:\/\/arroyitoonline.com.ar\/index.php?rest_route=%2Fwp%2Fv2%2Fmedia&parent=3289"}],"wp:term":[{"taxonomy":"category","embeddable":true,"href":"https:\/\/arroyitoonline.com.ar\/index.php?rest_route=%2Fwp%2Fv2%2Fcategories&post=3289"},{"taxonomy":"post_tag","embeddable":true,"href":"https:\/\/arroyitoonline.com.ar\/index.php?rest_route=%2Fwp%2Fv2%2Ftags&post=3289"}],"curies":[{"name":"wp","href":"https:\/\/api.w.org\/{rel}","templated":true}]}}