{"id":3302,"date":"2019-04-15T17:08:52","date_gmt":"2019-04-15T17:08:52","guid":{"rendered":"http:\/\/arroyitoonline.com.ar\/?p=3302"},"modified":"2019-04-20T17:20:08","modified_gmt":"2019-04-20T17:20:08","slug":"con-el-domingo-de-ramos-empezo-la-semana-santa","status":"publish","type":"post","link":"https:\/\/arroyitoonline.com.ar\/?p=3302","title":{"rendered":"Con el Domingo de Ramos, empez\u00f3 la Semana Santa"},"content":{"rendered":"\n<p><strong>En Arroyito,\nla Santa Misa estuvo presidida por el cura p\u00e1rroco, presb\u00edtero Gabriel Camusso,\nen la Parroquia Nuestra Se\u00f1ora de la Merced. C\u00f3mo siguen las celebraciones.<\/strong><\/p>\n\n\n\n<p>Ayer, con el Domingo de Ramos, finaliz\u00f3\nla Cuaresma y dio inicio la semana m\u00e1s importante para los cristianos, antesala\nde la Pascua. Adem\u00e1s,se\nconmemor\u00f3 la entrada triunfal de Jes\u00fas a Jerusal\u00e9n arriba de un burro y\naclamado por la multitud; d\u00edas antes de su pasi\u00f3n, muerte y\nresurrecci\u00f3n.<\/p>\n\n\n\n<p>Losramos de olivo y de palma&nbsp;que se\nutilizan en la celebraci\u00f3n del Domingo de Ramosson un s\u00edmbolo de la bendici\u00f3n de Dios, de su\nprotecci\u00f3n y ayuda.&nbsp;La tradici\u00f3n indica que deben colocarse sobre\nun crucifijo o cuadro religioso para recordar que se trata de algo sagrado.\nAdem\u00e1s, el color lit\u00fargico de la celebraci\u00f3n es el rojo, que representa la\nPasi\u00f3n del Se\u00f1or.<\/p>\n\n\n\n<p>Se da a este d\u00eda el nombre de Domingo\nde Ramos porqueJes\u00fas fue\nobsequiado con sinn\u00fameros ramos por sus seguidores, sobre todo de\ncondici\u00f3n humilde, mientras cantaban y vitoreaban: &#8220;<em>\u00a1Bendito el que\nviene en el nombre del Se\u00f1or!&#8221;; &#8220;\u00a1Hosanna en las alturas!&#8221;<\/em>.<\/p>\n\n\n\n<p>Los ramos de olivo y de palma tambi\u00e9n\nson el signo por excelencia de la&nbsp;renovaci\u00f3n\nde la fe en Dios<strong>.<\/strong>&nbsp;Asimismo, recuerdan su proclamaci\u00f3n como\nRey del Cielo y de la Tierra.<\/p>\n\n\n\n<p>Esta celebraci\u00f3n es vista por los\ncristianos como el momento para&nbsp;aclamar a Jes\u00fas como el pilar fundamental\nde sus vidas, tal como lo hizo el pueblo de Jerusal\u00e9n cuando lo recibi\u00f3 y\ndeclar\u00f3 como profeta, hijo de Dios y rey.<\/p>\n\n\n\n<p>Por esta raz\u00f3n, la eucarist\u00eda del\nDomingo de Ramos tiene dos momentos importantes. El primero es la&nbsp;procesi\u00f3n de las palmas y su bendici\u00f3n&nbsp;\npor parte del sacerdote, mientras que el segundo es&nbsp;la lectura de la palabra que evoca esa\nPasi\u00f3n. Ambos se vivieron ayer en la Parroquia Nuestra Se\u00f1ora de la Merced, en\nla celebraci\u00f3n encabezada por el cura p\u00e1rroco, presb\u00edtero Gabriel Camusso. <\/p>\n\n\n\n<p>Fuente:\nInfobae.<\/p>\n\n\n\n<p><strong>C\u00f3mo siguen las celebraciones<\/strong><\/p>\n\n\n\n<p><strong>LUNES<\/strong>, <strong>MARTES<\/strong>\ny <strong>MI\u00c9RCOLES SANTOS<\/strong><\/p>\n\n\n\n<p>8:30 horas,\ncelebraci\u00f3n de la Misa en la Iglesia Parroquial<\/p>\n\n\n\n<p>Lunes, a\nlas 21:00 horas, Iglesia San Jos\u00e9<\/p>\n\n\n\n<p>Martes, a\nlas 21:00 horas, Iglesia San Cayetano<\/p>\n\n\n\n<p>Mi\u00e9rcoles,\na las 21:00 horas, Iglesia Cura Brochero<\/p>\n\n\n\n<p><strong>JUEVES SANTO<\/strong><\/p>\n\n\n\n<p>Celebraci\u00f3n\nde la noche de: el amor, la eucarist\u00eda, el sacerdocio. Acercar ofrendas de\nalimentos no perecederos para Caritas Parroquial.<\/p>\n\n\n\n<p>19:00\nhoras, Misa de la Cena del Se\u00f1or, Lavatorio de los pies <\/p>\n\n\n\n<p>22:00\nhoras, adoraci\u00f3n solemne hasta la medianoche<\/p>\n\n\n\n<p><strong>VIERNES\nSANTO<\/strong> \u2013D\u00eda\nde ayuno y abstinencia-<\/p>\n\n\n\n<p>Desde las 9:30 horas, recorrido por\nlas siete iglesias de la ciudad, en moto, auto o bicicleta. <\/p>\n\n\n\n<p>15:00 horas, inicio de la novena\nJes\u00fas misericordioso, todos los d\u00edas hasta el s\u00e1bado 27 de abril.<\/p>\n\n\n\n<p>19:00 horas, celebraci\u00f3n de la Cruz,\ndistribuci\u00f3n de la Eucarist\u00eda.<\/p>\n\n\n\n<p>21:00 horas, V\u00eda Crucis. Congregaci\u00f3n\nfrente a la Iglesia Parroquial.<\/p>\n\n\n\n<p><strong>S\u00c1BADO SANTO<\/strong> \u2013\u201cJes\u00fas ha resucitado&#8221;-<\/p>\n\n\n\n<p>21:00 horas, Vigilia Pascual y Santa\nMisa. Acercarse con una vela para la renovaci\u00f3n de las promesas bautismales. <\/p>\n\n\n\n<p><strong>DOMINGO DE\nPASCUA<\/strong><\/p>\n\n\n\n<p>8:00 horas, Santa Misa en la Iglesia\nSan Cayetano<\/p>\n\n\n\n<p>10:00 horas, Santa Misa en la Iglesia\nSan Jos\u00e9<\/p>\n\n\n\n<p>11:45 horas, Santa Misa en la Iglesia\nCura Brochero<\/p>\n\n\n\n<p>19:00 horas, Santa Misa en la Iglesia\nParroquial<\/p>\n\n\n\n<p>CONFESIONES durante Semana Santa<\/p>\n\n\n\n<p>De 9:00 a 12:00 y de 16:30 a 21:00\nhoras. <\/p>\n\n\n\n<p>La foto es gentileza de Benjam\u00edn Farnochi. <\/p>\n","protected":false},"excerpt":{"rendered":"<p>En Arroyito, la Santa Misa estuvo presidida por el cura p\u00e1rroco, presb\u00edtero Gabriel Camusso, en la Parroquia Nuestra Se\u00f1ora de&hellip;<\/p>\n","protected":false},"author":3,"featured_media":3303,"comment_status":"closed","ping_status":"open","sticky":false,"template":"","format":"standard","meta":{"footnotes":""},"categories":[935],"tags":[66,67,836,940,572,941,681,724],"class_list":["post-3302","post","type-post","status-publish","format-standard","has-post-thumbnail","hentry","category-religion","tag-arroyito","tag-arroyito-cordoba","tag-arroyito-online","tag-domingo-de-ramos","tag-noticias-de-arroyito-y-zona","tag-parroquia-nuestra-senora-de-la-merced","tag-religion","tag-semana-santa"],"_links":{"self":[{"href":"https:\/\/arroyitoonline.com.ar\/index.php?rest_route=\/wp\/v2\/posts\/3302","targetHints":{"allow":["GET"]}}],"collection":[{"href":"https:\/\/arroyitoonline.com.ar\/index.php?rest_route=\/wp\/v2\/posts"}],"about":[{"href":"https:\/\/arroyitoonline.com.ar\/index.php?rest_route=\/wp\/v2\/types\/post"}],"author":[{"embeddable":true,"href":"https:\/\/arroyitoonline.com.ar\/index.php?rest_route=\/wp\/v2\/users\/3"}],"replies":[{"embeddable":true,"href":"https:\/\/arroyitoonline.com.ar\/index.php?rest_route=%2Fwp%2Fv2%2Fcomments&post=3302"}],"version-history":[{"count":2,"href":"https:\/\/arroyitoonline.com.ar\/index.php?rest_route=\/wp\/v2\/posts\/3302\/revisions"}],"predecessor-version":[{"id":3381,"href":"https:\/\/arroyitoonline.com.ar\/index.php?rest_route=\/wp\/v2\/posts\/3302\/revisions\/3381"}],"wp:featuredmedia":[{"embeddable":true,"href":"https:\/\/arroyitoonline.com.ar\/index.php?rest_route=\/wp\/v2\/media\/3303"}],"wp:attachment":[{"href":"https:\/\/arroyitoonline.com.ar\/index.php?rest_route=%2Fwp%2Fv2%2Fmedia&parent=3302"}],"wp:term":[{"taxonomy":"category","embeddable":true,"href":"https:\/\/arroyitoonline.com.ar\/index.php?rest_route=%2Fwp%2Fv2%2Fcategories&post=3302"},{"taxonomy":"post_tag","embeddable":true,"href":"https:\/\/arroyitoonline.com.ar\/index.php?rest_route=%2Fwp%2Fv2%2Ftags&post=3302"}],"curies":[{"name":"wp","href":"https:\/\/api.w.org\/{rel}","templated":true}]}}