{"id":3309,"date":"2019-04-15T18:24:10","date_gmt":"2019-04-15T18:24:10","guid":{"rendered":"http:\/\/arroyitoonline.com.ar\/?p=3309"},"modified":"2019-04-15T18:24:12","modified_gmt":"2019-04-15T18:24:12","slug":"un-motociclista-resulto-lesionado-tras-chocar-con-un-auto","status":"publish","type":"post","link":"https:\/\/arroyitoonline.com.ar\/?p=3309","title":{"rendered":"Un motociclista result\u00f3 lesionado tras chocar con un auto"},"content":{"rendered":"\n<p><strong>Es de Tr\u00e1nsito. Se trat\u00f3 de una colisi\u00f3n frontal entre la moto y un\nRenault R\u201319, cuando ambos andaban por la ruta 19, en sentido contrario. <\/strong><\/p>\n\n\n\n<p>Ayer a las 20:15 horas, a trav\u00e9s\nde uno de los grupos de WhatsApp SOS, la Polic\u00eda recibi\u00f3 el aviso de un\naccidente de tr\u00e1nsito sobre la Av. Fulvio Pagani en su intersecci\u00f3n con Nicol\u00e1s\nBatalla. <\/p>\n\n\n\n<p>De manera inmediata se comision\u00f3\nun m\u00f3vil en el sector observando la colisi\u00f3n entre dos veh\u00edculos que andaban\npor Pagani. Un Renault R\u201319 color gris guiado por Walter Guevara (47) \u2013de Arroyito-,\nque andaba de oeste a este, impact\u00f3 con una moto Appia de 150 cc negra sin\ndominio conducida por Federico Varela (24) \u2013de Tr\u00e1nsito-, que circulaba en\nsentido contrario.<\/p>\n\n\n\n<p>A ra\u00edz del choque, el conductor\ndel rodado menor perdi\u00f3 el control y cay\u00f3. Fue trasladado por el servicio de\nEmergencias al Hospital Municipal, donde lo asistieron m\u00e9dicos de guardia,\nquienes le practicaron el chequeo correspondiente. <\/p>\n\n\n\n<p>Por su parte, los dos veh\u00edculos fueron trasladados y el procedimiento se entreg\u00f3 en la Unidad Judicial, con conocimiento de la Fiscal\u00eda de Instrucci\u00f3n local.<\/p>\n\n\n\n<p>Fuente: informe del comisario Inspector Pablo Berardo. <\/p>\n\n\n\n<p>Foto de archivo, solo a modo ilustrativo. <\/p>\n","protected":false},"excerpt":{"rendered":"<p>Es de Tr\u00e1nsito. Se trat\u00f3 de una colisi\u00f3n frontal entre la moto y un Renault R\u201319, cuando ambos andaban por&hellip;<\/p>\n","protected":false},"author":3,"featured_media":2723,"comment_status":"closed","ping_status":"open","sticky":false,"template":"","format":"standard","meta":{"footnotes":""},"categories":[824],"tags":[22,66,67,836,191,572,635,637,638,825,737],"class_list":["post-3309","post","type-post","status-publish","format-standard","has-post-thumbnail","hentry","category-policiales-online","tag-accidente","tag-arroyito","tag-arroyito-cordoba","tag-arroyito-online","tag-choque","tag-noticias-de-arroyito-y-zona","tag-policia","tag-policiales","tag-policiales-arroyito","tag-policiales-online","tag-siniestro-vial"],"_links":{"self":[{"href":"https:\/\/arroyitoonline.com.ar\/index.php?rest_route=\/wp\/v2\/posts\/3309","targetHints":{"allow":["GET"]}}],"collection":[{"href":"https:\/\/arroyitoonline.com.ar\/index.php?rest_route=\/wp\/v2\/posts"}],"about":[{"href":"https:\/\/arroyitoonline.com.ar\/index.php?rest_route=\/wp\/v2\/types\/post"}],"author":[{"embeddable":true,"href":"https:\/\/arroyitoonline.com.ar\/index.php?rest_route=\/wp\/v2\/users\/3"}],"replies":[{"embeddable":true,"href":"https:\/\/arroyitoonline.com.ar\/index.php?rest_route=%2Fwp%2Fv2%2Fcomments&post=3309"}],"version-history":[{"count":1,"href":"https:\/\/arroyitoonline.com.ar\/index.php?rest_route=\/wp\/v2\/posts\/3309\/revisions"}],"predecessor-version":[{"id":3310,"href":"https:\/\/arroyitoonline.com.ar\/index.php?rest_route=\/wp\/v2\/posts\/3309\/revisions\/3310"}],"wp:featuredmedia":[{"embeddable":true,"href":"https:\/\/arroyitoonline.com.ar\/index.php?rest_route=\/wp\/v2\/media\/2723"}],"wp:attachment":[{"href":"https:\/\/arroyitoonline.com.ar\/index.php?rest_route=%2Fwp%2Fv2%2Fmedia&parent=3309"}],"wp:term":[{"taxonomy":"category","embeddable":true,"href":"https:\/\/arroyitoonline.com.ar\/index.php?rest_route=%2Fwp%2Fv2%2Fcategories&post=3309"},{"taxonomy":"post_tag","embeddable":true,"href":"https:\/\/arroyitoonline.com.ar\/index.php?rest_route=%2Fwp%2Fv2%2Ftags&post=3309"}],"curies":[{"name":"wp","href":"https:\/\/api.w.org\/{rel}","templated":true}]}}