{"id":3318,"date":"2019-04-15T20:31:02","date_gmt":"2019-04-15T20:31:02","guid":{"rendered":"http:\/\/arroyitoonline.com.ar\/?p=3318"},"modified":"2019-04-16T03:33:37","modified_gmt":"2019-04-16T03:33:37","slug":"se-concreto-el-primer-encuentro-del-curso-de-gestion-cultural","status":"publish","type":"post","link":"https:\/\/arroyitoonline.com.ar\/?p=3318","title":{"rendered":"Se concret\u00f3 el primer encuentro del curso de Gesti\u00f3n Cultural"},"content":{"rendered":"\n<p><strong>Fue en el Auditorio Coral y cont\u00f3 con un buen n\u00famero de participantes. <\/strong><\/p>\n\n\n\n<p>El pasado s\u00e1bado&nbsp;13 de abril, en el Auditorio Coral, se realiz\u00f3 el primer encuentro correspondiente al Curso de Gesti\u00f3n Cultural Colaborativa para Agentes P\u00fablicos y Organizados, gestionado a trav\u00e9s de la Universidad Popular (UUPP) con sede en Arroyito. <\/p>\n\n\n\n<p>A trav\u00e9s de un Programa que, desde la Red de Gesti\u00f3n Cultural se ofrece con una mirada participativa de todos los agentes culturales de la ciudad y la zona, fue implementado por el&nbsp;capacitador Alejandro Miraglia. El primer encuentro tuvo un buen n\u00famero de participantes y cont\u00f3 con la presencia de la directora de Cultura Viviana Sam Sam.<\/p>\n\n\n\n<p>Los objetivos de la capacitaci\u00f3n son el fortalecimiento de las capacidades de gesti\u00f3n colaborativa y las competencias para la administraci\u00f3n de recursos colectivos y el funcionamiento en red de los agentes culturales que asistan, con una planificaci\u00f3n e implementaci\u00f3n de proyectos.<\/p>\n\n\n\n<p>Este curso tiene cuatro encuentros, los pr\u00f3ximos ser\u00e1n: los s\u00e1badoa 27 de abril, 4 y 11 de mayo; siempre en el horario de 9:00 a 14:00. <\/p>\n\n\n\n<p>Los interesados deber\u00e1n comunicarse a los n\u00fameros de tel\u00e9fono 3576461070 \u00f3 424400 interno 4.<\/p>\n\n\n\n<p>Fuente: Prensa Municipal.<\/p>\n","protected":false},"excerpt":{"rendered":"<p>Fue en el Auditorio Coral y cont\u00f3 con un buen n\u00famero de participantes. El pasado s\u00e1bado&nbsp;13 de abril, en el&hellip;<\/p>\n","protected":false},"author":3,"featured_media":3319,"comment_status":"closed","ping_status":"open","sticky":false,"template":"","format":"standard","meta":{"footnotes":""},"categories":[2,830],"tags":[66,67,836,158,259,864,929,555,556,572],"class_list":["post-3318","post","type-post","status-publish","format-standard","has-post-thumbnail","hentry","category-cultura-y-espectaculos","category-educacion-online","tag-arroyito","tag-arroyito-cordoba","tag-arroyito-online","tag-casa-de-la-cultura","tag-cultura","tag-cultura-y-espectaculos-online","tag-gestion-cultural","tag-municipalidad","tag-municipalidad-de-arroyito","tag-noticias-de-arroyito-y-zona"],"_links":{"self":[{"href":"https:\/\/arroyitoonline.com.ar\/index.php?rest_route=\/wp\/v2\/posts\/3318","targetHints":{"allow":["GET"]}}],"collection":[{"href":"https:\/\/arroyitoonline.com.ar\/index.php?rest_route=\/wp\/v2\/posts"}],"about":[{"href":"https:\/\/arroyitoonline.com.ar\/index.php?rest_route=\/wp\/v2\/types\/post"}],"author":[{"embeddable":true,"href":"https:\/\/arroyitoonline.com.ar\/index.php?rest_route=\/wp\/v2\/users\/3"}],"replies":[{"embeddable":true,"href":"https:\/\/arroyitoonline.com.ar\/index.php?rest_route=%2Fwp%2Fv2%2Fcomments&post=3318"}],"version-history":[{"count":2,"href":"https:\/\/arroyitoonline.com.ar\/index.php?rest_route=\/wp\/v2\/posts\/3318\/revisions"}],"predecessor-version":[{"id":3321,"href":"https:\/\/arroyitoonline.com.ar\/index.php?rest_route=\/wp\/v2\/posts\/3318\/revisions\/3321"}],"wp:featuredmedia":[{"embeddable":true,"href":"https:\/\/arroyitoonline.com.ar\/index.php?rest_route=\/wp\/v2\/media\/3319"}],"wp:attachment":[{"href":"https:\/\/arroyitoonline.com.ar\/index.php?rest_route=%2Fwp%2Fv2%2Fmedia&parent=3318"}],"wp:term":[{"taxonomy":"category","embeddable":true,"href":"https:\/\/arroyitoonline.com.ar\/index.php?rest_route=%2Fwp%2Fv2%2Fcategories&post=3318"},{"taxonomy":"post_tag","embeddable":true,"href":"https:\/\/arroyitoonline.com.ar\/index.php?rest_route=%2Fwp%2Fv2%2Ftags&post=3318"}],"curies":[{"name":"wp","href":"https:\/\/api.w.org\/{rel}","templated":true}]}}