{"id":3323,"date":"2019-04-16T14:57:36","date_gmt":"2019-04-16T14:57:36","guid":{"rendered":"http:\/\/arroyitoonline.com.ar\/?p=3323"},"modified":"2019-04-16T17:52:59","modified_gmt":"2019-04-16T17:52:59","slug":"chocaron-un-colectivo-y-un-camion-fallecio-el-chofer-del-omnibus","status":"publish","type":"post","link":"https:\/\/arroyitoonline.com.ar\/?p=3323","title":{"rendered":"Chocaron un colectivo y un cami\u00f3n: falleci\u00f3 el ch\u00f3fer del \u00f3mnibus"},"content":{"rendered":"\n<p><strong>El siniestro vial en el cruce de las rutas 3 y 19, a la altura de La Francia, dej\u00f3 como saldo una v\u00edctima fatal y entre 16 y 18 pasajeros heridos. <\/strong><\/p>\n\n\n\n<p>Esta ma\u00f1ana cerca de las 7:00 ocurri\u00f3 un accidente fatal en el acceso oeste a la localidad de La Francia, cuando la neblina dificultaba la visibilidad. <\/p>\n\n\n\n<ul class=\"wp-block-gallery columns-3 is-cropped wp-block-gallery-1 is-layout-flex wp-block-gallery-is-layout-flex\"><li class=\"blocks-gallery-item\"><figure><img loading=\"lazy\" decoding=\"async\" width=\"1024\" height=\"576\" src=\"http:\/\/arroyitoonline.com.ar\/wp-content\/uploads\/2019\/04\/accidente-la-francia-2-1024x576.jpg\" alt=\"\" data-id=\"3325\" data-link=\"http:\/\/arroyitoonline.com.ar\/?attachment_id=3325\" class=\"wp-image-3325\" srcset=\"https:\/\/arroyitoonline.com.ar\/wp-content\/uploads\/2019\/04\/accidente-la-francia-2-1024x576.jpg 1024w, https:\/\/arroyitoonline.com.ar\/wp-content\/uploads\/2019\/04\/accidente-la-francia-2-300x169.jpg 300w, https:\/\/arroyitoonline.com.ar\/wp-content\/uploads\/2019\/04\/accidente-la-francia-2-768x432.jpg 768w, https:\/\/arroyitoonline.com.ar\/wp-content\/uploads\/2019\/04\/accidente-la-francia-2.jpg 2048w\" sizes=\"auto, (max-width: 1024px) 100vw, 1024px\" \/><\/figure><\/li><li class=\"blocks-gallery-item\"><figure><img loading=\"lazy\" decoding=\"async\" width=\"1024\" height=\"576\" src=\"http:\/\/arroyitoonline.com.ar\/wp-content\/uploads\/2019\/04\/accidente-la-francia-3-1024x576.jpg\" alt=\"\" data-id=\"3326\" data-link=\"http:\/\/arroyitoonline.com.ar\/?attachment_id=3326\" class=\"wp-image-3326\" srcset=\"https:\/\/arroyitoonline.com.ar\/wp-content\/uploads\/2019\/04\/accidente-la-francia-3-1024x576.jpg 1024w, https:\/\/arroyitoonline.com.ar\/wp-content\/uploads\/2019\/04\/accidente-la-francia-3-300x169.jpg 300w, https:\/\/arroyitoonline.com.ar\/wp-content\/uploads\/2019\/04\/accidente-la-francia-3-768x432.jpg 768w, https:\/\/arroyitoonline.com.ar\/wp-content\/uploads\/2019\/04\/accidente-la-francia-3.jpg 2048w\" sizes=\"auto, (max-width: 1024px) 100vw, 1024px\" \/><\/figure><\/li><li class=\"blocks-gallery-item\"><figure><img loading=\"lazy\" decoding=\"async\" width=\"1024\" height=\"576\" src=\"http:\/\/arroyitoonline.com.ar\/wp-content\/uploads\/2019\/04\/accidente-la-francia-4-1024x576.jpg\" alt=\"\" data-id=\"3327\" data-link=\"http:\/\/arroyitoonline.com.ar\/?attachment_id=3327\" class=\"wp-image-3327\" srcset=\"https:\/\/arroyitoonline.com.ar\/wp-content\/uploads\/2019\/04\/accidente-la-francia-4-1024x576.jpg 1024w, https:\/\/arroyitoonline.com.ar\/wp-content\/uploads\/2019\/04\/accidente-la-francia-4-300x169.jpg 300w, https:\/\/arroyitoonline.com.ar\/wp-content\/uploads\/2019\/04\/accidente-la-francia-4-768x432.jpg 768w, https:\/\/arroyitoonline.com.ar\/wp-content\/uploads\/2019\/04\/accidente-la-francia-4.jpg 2048w\" sizes=\"auto, (max-width: 1024px) 100vw, 1024px\" \/><\/figure><\/li><li class=\"blocks-gallery-item\"><figure><img loading=\"lazy\" decoding=\"async\" width=\"1024\" height=\"576\" src=\"http:\/\/arroyitoonline.com.ar\/wp-content\/uploads\/2019\/04\/accidente-la-francia-16-de-abril-1-1024x576.jpg\" alt=\"\" data-id=\"3328\" data-link=\"http:\/\/arroyitoonline.com.ar\/?attachment_id=3328\" class=\"wp-image-3328\" srcset=\"https:\/\/arroyitoonline.com.ar\/wp-content\/uploads\/2019\/04\/accidente-la-francia-16-de-abril-1-1024x576.jpg 1024w, https:\/\/arroyitoonline.com.ar\/wp-content\/uploads\/2019\/04\/accidente-la-francia-16-de-abril-1-300x169.jpg 300w, https:\/\/arroyitoonline.com.ar\/wp-content\/uploads\/2019\/04\/accidente-la-francia-16-de-abril-1-768x432.jpg 768w, https:\/\/arroyitoonline.com.ar\/wp-content\/uploads\/2019\/04\/accidente-la-francia-16-de-abril-1.jpg 2048w\" sizes=\"auto, (max-width: 1024px) 100vw, 1024px\" \/><figcaption>Las im\u00e1genes son gentileza del abogado Emanuel Acosta.<\/figcaption><\/figure><\/li><\/ul>\n\n\n\n<p>Un cami\u00f3n Scania que transportaba autopartes andaba de sur a norte por la ruta 3 cuando, en el cruce con la 19, impact\u00f3 de lleno a un colectivo de la empresa Crucero del Norte proveniente de la provincia de Misiones, que ten\u00eda como destino final la ciudad de C\u00f3rdoba.<\/p>\n\n\n\n<p>La colisi\u00f3n se produjo a la altura del ch\u00f3fer del \u00f3mnibus. Por la fuerza del choque, el cami\u00f3n arrastr\u00f3 al micro hasta un canal de desag\u00fce pr\u00f3ximo. All\u00ed, el ch\u00f3fer Cristian Gusoski (33) que transportaba 22 pasajeros permaneci\u00f3 atrapado hasta que fue retirado del habit\u00e1culo por Bomberos Voluntarios, constat\u00e1ndose su deceso.<\/p>\n\n\n\n<p>Adem\u00e1s de la v\u00edctima fatal, se confirmaron entre 16 y 18 heridos de diversa consideraci\u00f3n. Todos recibieron atenci\u00f3n primaria en el nosocomio municipal de La Francia y dos fueron derivados al Hospital Iturraspe de San Francisco. Desde ese centro de salud se\u00f1alaron que se trata de una mujer de 75 a\u00f1os y un hombre de 52. Por su parte, el camionero tucumano (29) se encuentra fuera de peligro. En este sentido, el fiscal Bernardo Alberione, quien dijo a Cadena 3 que <em>&#8220;La niebla cumpli\u00f3 un papel importante y estamos investigando la demarcaci\u00f3n y la se\u00f1alizaci\u00f3n para ver qu\u00e9 papel tuvieron en el accidente&#8221;<\/em>,\u00a0imput\u00f3\u00a0al conductor del cami\u00f3n por\u00a0lesiones\u00a0graves\u00a0y\u00a0homicidio\u00a0culposo.<\/p>\n\n\n\n<p>A esta hora, seg\u00fan confirm\u00f3 a FM TOP 99.9 el abogado de la firma de coches de larga distancia, Emanuel Acosta, esperan el relevo que trasladar\u00e1 a los pasajeros a sus destinos correspondientes, incluido un viajero de El T\u00edo que se bajaba en Arroyito, que se encuentra en buen estado de salud. Tambi\u00e9n aguardan la llegada de Polic\u00eda Judicial.<\/p>\n\n\n\n<p>El letrado explic\u00f3 que, en estos momentos, se encuentran brindando, adem\u00e1s de asesoramiento legal, contenci\u00f3n humanitaria a los accidentados y sus familias, en el lugar del hecho. <\/p>\n\n\n\n<p>Agradecemos al abogado Emanuel Acosta. <\/p>\n","protected":false},"excerpt":{"rendered":"<p>El siniestro vial en el cruce de las rutas 3 y 19, a la altura de La Francia, dej\u00f3 como&hellip;<\/p>\n","protected":false},"author":3,"featured_media":3324,"comment_status":"closed","ping_status":"open","sticky":false,"template":"","format":"standard","meta":{"footnotes":""},"categories":[824],"tags":[22,23,66,67,836,485,572,698,701,737],"class_list":["post-3323","post","type-post","status-publish","format-standard","has-post-thumbnail","hentry","category-policiales-online","tag-accidente","tag-accidentes","tag-arroyito","tag-arroyito-cordoba","tag-arroyito-online","tag-la-francia","tag-noticias-de-arroyito-y-zona","tag-ruta-19","tag-ruta-nacional-n-19","tag-siniestro-vial"],"_links":{"self":[{"href":"https:\/\/arroyitoonline.com.ar\/index.php?rest_route=\/wp\/v2\/posts\/3323","targetHints":{"allow":["GET"]}}],"collection":[{"href":"https:\/\/arroyitoonline.com.ar\/index.php?rest_route=\/wp\/v2\/posts"}],"about":[{"href":"https:\/\/arroyitoonline.com.ar\/index.php?rest_route=\/wp\/v2\/types\/post"}],"author":[{"embeddable":true,"href":"https:\/\/arroyitoonline.com.ar\/index.php?rest_route=\/wp\/v2\/users\/3"}],"replies":[{"embeddable":true,"href":"https:\/\/arroyitoonline.com.ar\/index.php?rest_route=%2Fwp%2Fv2%2Fcomments&post=3323"}],"version-history":[{"count":6,"href":"https:\/\/arroyitoonline.com.ar\/index.php?rest_route=\/wp\/v2\/posts\/3323\/revisions"}],"predecessor-version":[{"id":3338,"href":"https:\/\/arroyitoonline.com.ar\/index.php?rest_route=\/wp\/v2\/posts\/3323\/revisions\/3338"}],"wp:featuredmedia":[{"embeddable":true,"href":"https:\/\/arroyitoonline.com.ar\/index.php?rest_route=\/wp\/v2\/media\/3324"}],"wp:attachment":[{"href":"https:\/\/arroyitoonline.com.ar\/index.php?rest_route=%2Fwp%2Fv2%2Fmedia&parent=3323"}],"wp:term":[{"taxonomy":"category","embeddable":true,"href":"https:\/\/arroyitoonline.com.ar\/index.php?rest_route=%2Fwp%2Fv2%2Fcategories&post=3323"},{"taxonomy":"post_tag","embeddable":true,"href":"https:\/\/arroyitoonline.com.ar\/index.php?rest_route=%2Fwp%2Fv2%2Ftags&post=3323"}],"curies":[{"name":"wp","href":"https:\/\/api.w.org\/{rel}","templated":true}]}}