{"id":3340,"date":"2019-04-17T00:26:11","date_gmt":"2019-04-17T00:26:11","guid":{"rendered":"http:\/\/arroyitoonline.com.ar\/?p=3340"},"modified":"2019-04-22T17:20:01","modified_gmt":"2019-04-22T17:20:01","slug":"cintia-buera-participo-de-la-1a-plenaria-del-ano-de-la-agencia-nacional-de-seguridad-vial","status":"publish","type":"post","link":"https:\/\/arroyitoonline.com.ar\/?p=3340","title":{"rendered":"Cintia Buera particip\u00f3 de la 1\u00aa Plenaria del a\u00f1o, de la Agencia Nacional de Seguridad Vial"},"content":{"rendered":"\n<p><strong>All\u00ed represent\u00f3 al Foro de Familiares de V\u00edctimas de Siniestros Viales y se pronunci\u00f3 a favor de que <\/strong><em><strong>&#8220;la sociedad reaccione ante esta real problem\u00e1tica que nos compete a todos y no solo al Estado&#8221;<\/strong><\/em><strong>. <\/strong><\/p>\n\n\n\n<p>Durante el pasado fin de semana, el Foro de Familiares de V\u00edctimas de Siniestros Viales estuvo presente en la Primera Plenaria del a\u00f1o de la Agencia Nacional de Seguridad Vial, en Buenos Aires.<\/p>\n\n\n\n<p>All\u00ed, la ONG cont\u00f3 con la representaci\u00f3n de la licenciada en Criminal\u00edstica con especializaci\u00f3n t\u00e9cnica en Accidentolog\u00eda Vial de Arroyito, Cintia Bruera.<\/p>\n\n\n\n<p>Luego de las palabras del director Ejecutivo de la ANSV, Carlos A. P\u00e9rez, se trataron los siguientes temas: presentaci\u00f3n del Consejo Nacional de Coordinaci\u00f3n de Pol\u00edtica Social; implementaci\u00f3n de las oficinas de las Asistencias a los familiares de v\u00edctimas en el interior del pa\u00eds; presentaci\u00f3n de la Direcci\u00f3n Nacional del Observatorio Vial; costos que generan los siniestros, en este punto no solo lo econ\u00f3mico sino tambi\u00e9n lo humano. Adem\u00e1s, las cifras que se informaron espantaron a m\u00e1s de uno:<br> -5.611 v\u00edctimas fatales<br> -118.550 lesionados<\/p>\n\n\n\n<p style=\"text-align:left\">De estos n\u00fameros se desprenden los siguientes datos: <\/p>\n\n\n\n<ul class=\"wp-block-list\"><li>el 40% de la mortalidad se concentra en j\u00f3venes de entre 15 y 34 a\u00f1os, y el 74% de ellos son hombres.<\/li><li>el 38% de esa mortalidad corresponde a motociclistas.<\/li><li>Solo la mitad de la totalidad de los ocupantes de los veh\u00edculos que transitan en nuestras calles circulan con el cintur\u00f3n puesto.<\/li><li>Solo seis de cada 10 motos circula con todos sus ocupantes usando casco.<\/li><li><\/li><\/ul>\n\n\n\n<p>Sobre el final realizaron una exposici\u00f3n sobre \u201cEducaci\u00f3n, Investigaci\u00f3n en Seguridad Vial y Promoci\u00f3n de la Seguridad Vial\u201d. <\/p>\n\n\n\n<p>En cuanto a su asistencia, Bruera opin\u00f3 que<em> &#8220;Es importante que como provincia tengamos la oportunidad de estar presentes y formar parte del comit\u00e9 consultivo en el cual uno ampl\u00eda conocimientos a nivel nacional, se plantean proyectos y se exponen temas de inter\u00e9s para todos&#8221;<\/em>, remarcando que <em>&#8220;Es hora de que la sociedad reaccione ante la real problem\u00e1tica que nos compete a todos y no solo al Estado. Se calcula que el Estado pierde entre 160\/175 mil millones de pesos en la salud p\u00fablica debido a los siniestros viales que ocurren en el a\u00f1o. Es momento de crear m\u00e1s educaci\u00f3n desde el hogar hasta los centros educativos, que actuemos en la prevenci\u00f3n, no luego de que ocurren los hechos, que sigamos insistiendo en el plano judicial por mejoras en atenci\u00f3n, tiempos de procesos y sentencias mas justas. Pero sobre todo que en la cultura social recuperemos el valor a la vida&#8221;<\/em>.<\/p>\n","protected":false},"excerpt":{"rendered":"<p>All\u00ed represent\u00f3 al Foro de Familiares de V\u00edctimas de Siniestros Viales y se pronunci\u00f3 a favor de que &#8220;la sociedad&hellip;<\/p>\n","protected":false},"author":3,"featured_media":3341,"comment_status":"closed","ping_status":"open","sticky":false,"template":"","format":"standard","meta":{"footnotes":""},"categories":[942],"tags":[23,943,66,67,836,78,572,723,737],"class_list":["post-3340","post","type-post","status-publish","format-standard","has-post-thumbnail","hentry","category-transito","tag-accidentes","tag-agencia-nacional-de-seguridad-vial","tag-arroyito","tag-arroyito-cordoba","tag-arroyito-online","tag-asociacion-civil-foro-de-familiares-de-victimas-de-siniestros-viales-de-arroyito","tag-noticias-de-arroyito-y-zona","tag-seguridad","tag-siniestro-vial"],"_links":{"self":[{"href":"https:\/\/arroyitoonline.com.ar\/index.php?rest_route=\/wp\/v2\/posts\/3340","targetHints":{"allow":["GET"]}}],"collection":[{"href":"https:\/\/arroyitoonline.com.ar\/index.php?rest_route=\/wp\/v2\/posts"}],"about":[{"href":"https:\/\/arroyitoonline.com.ar\/index.php?rest_route=\/wp\/v2\/types\/post"}],"author":[{"embeddable":true,"href":"https:\/\/arroyitoonline.com.ar\/index.php?rest_route=\/wp\/v2\/users\/3"}],"replies":[{"embeddable":true,"href":"https:\/\/arroyitoonline.com.ar\/index.php?rest_route=%2Fwp%2Fv2%2Fcomments&post=3340"}],"version-history":[{"count":1,"href":"https:\/\/arroyitoonline.com.ar\/index.php?rest_route=\/wp\/v2\/posts\/3340\/revisions"}],"predecessor-version":[{"id":3342,"href":"https:\/\/arroyitoonline.com.ar\/index.php?rest_route=\/wp\/v2\/posts\/3340\/revisions\/3342"}],"wp:featuredmedia":[{"embeddable":true,"href":"https:\/\/arroyitoonline.com.ar\/index.php?rest_route=\/wp\/v2\/media\/3341"}],"wp:attachment":[{"href":"https:\/\/arroyitoonline.com.ar\/index.php?rest_route=%2Fwp%2Fv2%2Fmedia&parent=3340"}],"wp:term":[{"taxonomy":"category","embeddable":true,"href":"https:\/\/arroyitoonline.com.ar\/index.php?rest_route=%2Fwp%2Fv2%2Fcategories&post=3340"},{"taxonomy":"post_tag","embeddable":true,"href":"https:\/\/arroyitoonline.com.ar\/index.php?rest_route=%2Fwp%2Fv2%2Ftags&post=3340"}],"curies":[{"name":"wp","href":"https:\/\/api.w.org\/{rel}","templated":true}]}}