{"id":3361,"date":"2019-04-17T22:31:37","date_gmt":"2019-04-17T22:31:37","guid":{"rendered":"http:\/\/arroyitoonline.com.ar\/?p=3361"},"modified":"2019-04-17T22:33:01","modified_gmt":"2019-04-17T22:33:01","slug":"llega-el-2o-seminario-de-capacitacion-a-docentes-sobe-primeros-auxilios-basicos","status":"publish","type":"post","link":"https:\/\/arroyitoonline.com.ar\/?p=3361","title":{"rendered":"Llega el 2\u00ba Seminario de Capacitaci\u00f3n a docentes, sobre primeros auxilios b\u00e1sicos"},"content":{"rendered":"\n<p><strong>El curso estar\u00e1 avalado por la Universidad Popular. <\/strong><\/p>\n\n\n\n<p>El \u00e1rea municipal de Defensa Civil realizar\u00e1 el Segundo Seminario de&nbsp; Capacitaci\u00f3n a docentes de Nivel Primario, en Primeros Auxilios B\u00e1sicos, Te\u00f3rico y Pr\u00e1ctico,&nbsp;desde el 22 al 26 de abril en contra turno, de 8:00 a 12:00 y de 14:00 a 18:00 horas; el cual ser\u00e1 avalado por la Universidad Popular. <\/p>\n\n\n\n<p>El curso ser\u00e1 dictado en el Polideportivo Municipal por el licenciado en Higiene y Seguridad Osmar Araujo de Villa Carlos Paz, T\u00e9cnico en Riesgo y Emergencia, param\u00e9dico del Servicio de Emergencia de la zona Valle de Punilla Sur y capacitador en Primeros Auxilios.&nbsp;<\/p>\n\n\n\n<p>Fuente: Prensa Municipal. <\/p>\n\n\n\n<p>Imagen a modo ilustrativo.<\/p>\n","protected":false},"excerpt":{"rendered":"<p>El curso estar\u00e1 avalado por la Universidad Popular. El \u00e1rea municipal de Defensa Civil realizar\u00e1 el Segundo Seminario de&nbsp; Capacitaci\u00f3n&hellip;<\/p>\n","protected":false},"author":3,"featured_media":3362,"comment_status":"closed","ping_status":"open","sticky":false,"template":"","format":"standard","meta":{"footnotes":""},"categories":[830,829],"tags":[66,67,836,153,268,299,310,868,555,556,572],"class_list":["post-3361","post","type-post","status-publish","format-standard","has-post-thumbnail","hentry","category-educacion-online","category-municipales-online","tag-arroyito","tag-arroyito-cordoba","tag-arroyito-online","tag-capacitacion","tag-defensa-civil","tag-docentes","tag-educacion","tag-municipales-online","tag-municipalidad","tag-municipalidad-de-arroyito","tag-noticias-de-arroyito-y-zona"],"_links":{"self":[{"href":"https:\/\/arroyitoonline.com.ar\/index.php?rest_route=\/wp\/v2\/posts\/3361","targetHints":{"allow":["GET"]}}],"collection":[{"href":"https:\/\/arroyitoonline.com.ar\/index.php?rest_route=\/wp\/v2\/posts"}],"about":[{"href":"https:\/\/arroyitoonline.com.ar\/index.php?rest_route=\/wp\/v2\/types\/post"}],"author":[{"embeddable":true,"href":"https:\/\/arroyitoonline.com.ar\/index.php?rest_route=\/wp\/v2\/users\/3"}],"replies":[{"embeddable":true,"href":"https:\/\/arroyitoonline.com.ar\/index.php?rest_route=%2Fwp%2Fv2%2Fcomments&post=3361"}],"version-history":[{"count":2,"href":"https:\/\/arroyitoonline.com.ar\/index.php?rest_route=\/wp\/v2\/posts\/3361\/revisions"}],"predecessor-version":[{"id":3364,"href":"https:\/\/arroyitoonline.com.ar\/index.php?rest_route=\/wp\/v2\/posts\/3361\/revisions\/3364"}],"wp:featuredmedia":[{"embeddable":true,"href":"https:\/\/arroyitoonline.com.ar\/index.php?rest_route=\/wp\/v2\/media\/3362"}],"wp:attachment":[{"href":"https:\/\/arroyitoonline.com.ar\/index.php?rest_route=%2Fwp%2Fv2%2Fmedia&parent=3361"}],"wp:term":[{"taxonomy":"category","embeddable":true,"href":"https:\/\/arroyitoonline.com.ar\/index.php?rest_route=%2Fwp%2Fv2%2Fcategories&post=3361"},{"taxonomy":"post_tag","embeddable":true,"href":"https:\/\/arroyitoonline.com.ar\/index.php?rest_route=%2Fwp%2Fv2%2Ftags&post=3361"}],"curies":[{"name":"wp","href":"https:\/\/api.w.org\/{rel}","templated":true}]}}