{"id":3382,"date":"2019-04-20T18:41:31","date_gmt":"2019-04-20T18:41:31","guid":{"rendered":"http:\/\/arroyitoonline.com.ar\/?p=3382"},"modified":"2019-04-20T18:41:33","modified_gmt":"2019-04-20T18:41:33","slug":"un-concurrido-via-crucis-cerro-las-conmemoraciones-del-viernes-santo","status":"publish","type":"post","link":"https:\/\/arroyitoonline.com.ar\/?p=3382","title":{"rendered":"Un concurrido V\u00eda Crucis cerr\u00f3 las conmemoraciones del Viernes Santo"},"content":{"rendered":"\n<p><strong>El camino de la cruz\na lo largo de 14 estaciones, que representan la Pasi\u00f3n de Cristo, fue realizado\npor cientos de cat\u00f3licos, durante una noche en la que acompa\u00f1\u00f3 la temperatura. <\/strong><\/p>\n\n\n\n<p>Anoche, el V\u00eda Crucis \u2013en lat\u00edn, camino de la cruz-, que se\nconcreta cada Viernes Santo recreando&nbsp;la Pasi\u00f3n de Cristo a lo largo de 14\nestaciones, estuvo&nbsp;encabezada por el cura p\u00e1rroco, presb\u00edtero Gabriel\nCamusso, quien carg\u00f3 una cruz de madera durante todo el recorrido recordando el\nsufrimiento de Jes\u00fas.<\/p>\n\n\n\n<p>Adem\u00e1s acompa\u00f1aron el vicario parroquial, presb\u00edtero Marcelo\nCereda; monaguillos; el intendente municipal, Mauricio Cravero, junto a su\nesposa Laura Garc\u00eda; el concejal Marcelo Ferrero y su familia, y varias cuadras\nde fieles cat\u00f3licos. <\/p>\n\n\n\n<p>Durante una noche en la que acompa\u00f1\u00f3 la temperatura, las\nescenas fueron recreadas por ni\u00f1os, j\u00f3venes y adultos de la comunidad\nparroquial, caracterizados con t\u00fanicas y todo tipo de atuendos similares a los\nutilizados en aquella \u00e9poca por los soldados romanos, Jesucristo, la virgen\nMar\u00eda, entre otros personajes.<\/p>\n\n\n\n<figure class=\"wp-block-embed-facebook wp-block-embed is-type-video is-provider-facebook\"><div class=\"wp-block-embed__wrapper\">\nhttps:\/\/www.facebook.com\/arroyitoonlineoficial\/videos\/2411421535544187\/\n<\/div><\/figure>\n\n\n\n<p>El trayecto comenz\u00f3 frente a la Parroquia Nuestra Se\u00f1ora de\nla Merced, por calle San Mart\u00edn hasta Belgrano, continuando &nbsp;hasta Dean\nFunes, desembocando en 25 de Mayo. Luego los feligreses siguieron hasta 9 de\nJulio, doblando por General Paz y retomando San Mart\u00edn, confluyendo en la\nexplanada de la iglesia c\u00e9ntrica.<\/p>\n\n\n\n<p>A continuaci\u00f3n, cientos de personas ingresaron al templo para la\u00a0<strong>Adoraci\u00f3n de la Cruz<\/strong>.<\/p>\n\n\n\n<p>La foto es gentileza de Benjam\u00edn Farnochi. <\/p>\n","protected":false},"excerpt":{"rendered":"<p>El camino de la cruz a lo largo de 14 estaciones, que representan la Pasi\u00f3n de Cristo, fue realizado por&hellip;<\/p>\n","protected":false},"author":3,"featured_media":3384,"comment_status":"closed","ping_status":"open","sticky":false,"template":"","format":"standard","meta":{"footnotes":""},"categories":[935],"tags":[66,67,836,432,572,681,724,796],"class_list":["post-3382","post","type-post","status-publish","format-standard","has-post-thumbnail","hentry","category-religion","tag-arroyito","tag-arroyito-cordoba","tag-arroyito-online","tag-iglesia-catolica","tag-noticias-de-arroyito-y-zona","tag-religion","tag-semana-santa","tag-via-crucis"],"_links":{"self":[{"href":"https:\/\/arroyitoonline.com.ar\/index.php?rest_route=\/wp\/v2\/posts\/3382","targetHints":{"allow":["GET"]}}],"collection":[{"href":"https:\/\/arroyitoonline.com.ar\/index.php?rest_route=\/wp\/v2\/posts"}],"about":[{"href":"https:\/\/arroyitoonline.com.ar\/index.php?rest_route=\/wp\/v2\/types\/post"}],"author":[{"embeddable":true,"href":"https:\/\/arroyitoonline.com.ar\/index.php?rest_route=\/wp\/v2\/users\/3"}],"replies":[{"embeddable":true,"href":"https:\/\/arroyitoonline.com.ar\/index.php?rest_route=%2Fwp%2Fv2%2Fcomments&post=3382"}],"version-history":[{"count":1,"href":"https:\/\/arroyitoonline.com.ar\/index.php?rest_route=\/wp\/v2\/posts\/3382\/revisions"}],"predecessor-version":[{"id":3385,"href":"https:\/\/arroyitoonline.com.ar\/index.php?rest_route=\/wp\/v2\/posts\/3382\/revisions\/3385"}],"wp:featuredmedia":[{"embeddable":true,"href":"https:\/\/arroyitoonline.com.ar\/index.php?rest_route=\/wp\/v2\/media\/3384"}],"wp:attachment":[{"href":"https:\/\/arroyitoonline.com.ar\/index.php?rest_route=%2Fwp%2Fv2%2Fmedia&parent=3382"}],"wp:term":[{"taxonomy":"category","embeddable":true,"href":"https:\/\/arroyitoonline.com.ar\/index.php?rest_route=%2Fwp%2Fv2%2Fcategories&post=3382"},{"taxonomy":"post_tag","embeddable":true,"href":"https:\/\/arroyitoonline.com.ar\/index.php?rest_route=%2Fwp%2Fv2%2Ftags&post=3382"}],"curies":[{"name":"wp","href":"https:\/\/api.w.org\/{rel}","templated":true}]}}