{"id":3386,"date":"2019-04-20T19:53:24","date_gmt":"2019-04-20T19:53:24","guid":{"rendered":"http:\/\/arroyitoonline.com.ar\/?p=3386"},"modified":"2019-04-20T19:53:25","modified_gmt":"2019-04-20T19:53:25","slug":"nestor-lazaro-gano-el-1o-premio-en-la-37a-feria-internacional-de-artesanias","status":"publish","type":"post","link":"https:\/\/arroyitoonline.com.ar\/?p=3386","title":{"rendered":"N\u00e9stor L\u00e1zaro gan\u00f3 el 1\u00ba premio en la 37\u00aa Feria Internacional de Artesan\u00edas"},"content":{"rendered":"\n<p><strong>El cincelador de Arroyito fue reconocido en la categor\u00eda Madera talla muebles.<\/strong><\/p>\n\n\n\n<p>N\u00e9stor L\u00e1zaro, de Arroyito, particip\u00f3 de la 37\u00aa edici\u00f3n de la Feria Internacional de Artesan\u00edas, que se realiza desde el viernes 12 y hasta ma\u00f1ana domingo 21 de abril, en el Complejo Ferial de la ciudad de C\u00f3rdoba. <\/p>\n\n\n\n<p>Se trata de un espacio donde se conjugan la labor experta de casi 700 artesanos, m\u00e1s de 200 expositores abocados al espacio urbano y alrededor de 100 pertenecientes al sector comercial. A ello se suman las miles de personas que la visitan a diario. <\/p>\n\n\n\n<figure class=\"wp-block-image\"><img loading=\"lazy\" decoding=\"async\" width=\"960\" height=\"640\" src=\"http:\/\/arroyitoonline.com.ar\/wp-content\/uploads\/2019\/04\/n\u00e9stor-l\u00e1zaro-tallando.jpg\" alt=\"\" class=\"wp-image-3388\" srcset=\"https:\/\/arroyitoonline.com.ar\/wp-content\/uploads\/2019\/04\/n\u00e9stor-l\u00e1zaro-tallando.jpg 960w, https:\/\/arroyitoonline.com.ar\/wp-content\/uploads\/2019\/04\/n\u00e9stor-l\u00e1zaro-tallando-300x200.jpg 300w, https:\/\/arroyitoonline.com.ar\/wp-content\/uploads\/2019\/04\/n\u00e9stor-l\u00e1zaro-tallando-768x512.jpg 768w\" sizes=\"auto, (max-width: 960px) 100vw, 960px\" \/><figcaption><em>N\u00e9stor L\u00e1zaro, de Arroyito, en plena tarea art\u00edstica<\/em><\/figcaption><\/figure>\n\n\n\n<p>Desde 1982, con una trayectoria de 35 a\u00f1os, ha llegado a constituirse como el evento latinoamericano de mayor trascendencia en su g\u00e9nero. Su objetivo es la incentivaci\u00f3n de la creaci\u00f3n de nuevos emprendimientos artesanales, propiciando que la Artesan\u00eda sea una fuente de ingresos econ\u00f3micos para sus realizadores, creando, desarrollando y consolidando nuevos canales de comercializaci\u00f3n; que faciliten el contacto con compradores mayoristas, tanto nacionales como extranjeros y posibilitando el contacto directo del p\u00fablico con aut\u00e9nticos artesanos del pa\u00eds y del extranjero.  <\/p>\n\n\n\n<p>En este marco, L\u00e1zaro obtuvo el primer premio de su categor\u00eda, Madera talla muebles, seg\u00fan \u00e9l mismo lo coment\u00f3 a trav\u00e9s de su cuenta de Facebook, publicaci\u00f3n en la que tambi\u00e9n agradeci\u00f3 el reconocimiento. <\/p>\n","protected":false},"excerpt":{"rendered":"<p>El cincelador de Arroyito fue reconocido en la categor\u00eda Madera talla muebles. N\u00e9stor L\u00e1zaro, de Arroyito, particip\u00f3 de la 37\u00aa&hellip;<\/p>\n","protected":false},"author":3,"featured_media":3387,"comment_status":"closed","ping_status":"open","sticky":false,"template":"","format":"standard","meta":{"footnotes":""},"categories":[2],"tags":[66,67,836,72,244,366,572],"class_list":["post-3386","post","type-post","status-publish","format-standard","has-post-thumbnail","hentry","category-cultura-y-espectaculos","tag-arroyito","tag-arroyito-cordoba","tag-arroyito-online","tag-artesanias","tag-cordoba","tag-feria-internacional-de-artesanias","tag-noticias-de-arroyito-y-zona"],"_links":{"self":[{"href":"https:\/\/arroyitoonline.com.ar\/index.php?rest_route=\/wp\/v2\/posts\/3386","targetHints":{"allow":["GET"]}}],"collection":[{"href":"https:\/\/arroyitoonline.com.ar\/index.php?rest_route=\/wp\/v2\/posts"}],"about":[{"href":"https:\/\/arroyitoonline.com.ar\/index.php?rest_route=\/wp\/v2\/types\/post"}],"author":[{"embeddable":true,"href":"https:\/\/arroyitoonline.com.ar\/index.php?rest_route=\/wp\/v2\/users\/3"}],"replies":[{"embeddable":true,"href":"https:\/\/arroyitoonline.com.ar\/index.php?rest_route=%2Fwp%2Fv2%2Fcomments&post=3386"}],"version-history":[{"count":1,"href":"https:\/\/arroyitoonline.com.ar\/index.php?rest_route=\/wp\/v2\/posts\/3386\/revisions"}],"predecessor-version":[{"id":3389,"href":"https:\/\/arroyitoonline.com.ar\/index.php?rest_route=\/wp\/v2\/posts\/3386\/revisions\/3389"}],"wp:featuredmedia":[{"embeddable":true,"href":"https:\/\/arroyitoonline.com.ar\/index.php?rest_route=\/wp\/v2\/media\/3387"}],"wp:attachment":[{"href":"https:\/\/arroyitoonline.com.ar\/index.php?rest_route=%2Fwp%2Fv2%2Fmedia&parent=3386"}],"wp:term":[{"taxonomy":"category","embeddable":true,"href":"https:\/\/arroyitoonline.com.ar\/index.php?rest_route=%2Fwp%2Fv2%2Fcategories&post=3386"},{"taxonomy":"post_tag","embeddable":true,"href":"https:\/\/arroyitoonline.com.ar\/index.php?rest_route=%2Fwp%2Fv2%2Ftags&post=3386"}],"curies":[{"name":"wp","href":"https:\/\/api.w.org\/{rel}","templated":true}]}}