{"id":3398,"date":"2019-04-22T18:39:46","date_gmt":"2019-04-22T18:39:46","guid":{"rendered":"http:\/\/arroyitoonline.com.ar\/?p=3398"},"modified":"2019-04-22T18:39:49","modified_gmt":"2019-04-22T18:39:49","slug":"robaron-dos-motos-la-policia-hallo-uno-de-los-rodados-y-detuvo-al-autor-de-ese-hecho","status":"publish","type":"post","link":"https:\/\/arroyitoonline.com.ar\/?p=3398","title":{"rendered":"Robaron dos motos: la Polic\u00eda hall\u00f3 uno de los rodados y detuvo al autor de ese hecho"},"content":{"rendered":"\n<p><strong>Ambas sustracciones se produjeron el s\u00e1bado, en domicilios del sector sur. Personal de guardia aprehendi\u00f3 al joven (19) que trataba de despojarse de una moto y darse a la fuga.<\/strong><\/p>\n\n\n\n<p>El s\u00e1bado pasado a las 8:20 horas, personal policial\nde guardia tom\u00f3 conocimiento de que, por calle Lavalle, habr\u00edan sustra\u00eddo una\nGuerrero Trip G110. El damnificado, su propietario, un joven (22) de Arroyito,\nfue quien aport\u00f3 los datos sobre el supuesto autor del hecho.<\/p>\n\n\n\n<p>M\u00e1s tarde, en el marco de un operativo montado sobre Av. Bernardo Erb esquina Pedro Mirada, la Polic\u00eda logr\u00f3 la aprehensi\u00f3n de un sujeto (19), quien ten\u00eda en su poder el rodado robado.<\/p>\n\n\n\n<p>En ese momento, el presunto delincuente intent\u00f3 despojarse del veh\u00edculo y emprendi\u00f3 la fuga corriendo. Pero, la fuerza p\u00fablica lo aprehendi\u00f3 en la intersecci\u00f3n de Tom\u00e1s Ju\u00e1rez y Jos\u00e9 A. Vocos. <\/p>\n\n\n\n<p><strong>Denunciaron la sustracci\u00f3n de\notra moto<\/strong><\/p>\n\n\n\n<p>Tambi\u00e9n el s\u00e1bado, pero a las siete de la ma\u00f1ana, una persona de 28 denunci\u00f3 en la Comisar\u00eda local que, a las 0:55 de ese d\u00eda, le sustrajeron una Corven Energy 110 CC, que se encontraba estacionada con medidas de seguridad colocadas, frente a su domicilio de calle G\u00fcemes. <\/p>\n\n\n\n<p>A continuaci\u00f3n, personal de guardia realiz\u00f3 patrullajes teniendo en cuenta las caracter\u00edsticas del rodado robado, pero no dio con la moto.  <\/p>\n\n\n\n<p>Fuente: informe del comisario Clever Salguero.<\/p>\n","protected":false},"excerpt":{"rendered":"<p>Ambas sustracciones se produjeron el s\u00e1bado, en domicilios del sector sur. Personal de guardia aprehendi\u00f3 al joven (19) que trataba&hellip;<\/p>\n","protected":false},"author":3,"featured_media":3399,"comment_status":"closed","ping_status":"open","sticky":false,"template":"","format":"standard","meta":{"footnotes":""},"categories":[824],"tags":[66,67,836,271,547,572,637,638,825,694,720],"class_list":["post-3398","post","type-post","status-publish","format-standard","has-post-thumbnail","hentry","category-policiales-online","tag-arroyito","tag-arroyito-cordoba","tag-arroyito-online","tag-delitos","tag-motos","tag-noticias-de-arroyito-y-zona","tag-policiales","tag-policiales-arroyito","tag-policiales-online","tag-robos","tag-sector-sur"],"_links":{"self":[{"href":"https:\/\/arroyitoonline.com.ar\/index.php?rest_route=\/wp\/v2\/posts\/3398","targetHints":{"allow":["GET"]}}],"collection":[{"href":"https:\/\/arroyitoonline.com.ar\/index.php?rest_route=\/wp\/v2\/posts"}],"about":[{"href":"https:\/\/arroyitoonline.com.ar\/index.php?rest_route=\/wp\/v2\/types\/post"}],"author":[{"embeddable":true,"href":"https:\/\/arroyitoonline.com.ar\/index.php?rest_route=\/wp\/v2\/users\/3"}],"replies":[{"embeddable":true,"href":"https:\/\/arroyitoonline.com.ar\/index.php?rest_route=%2Fwp%2Fv2%2Fcomments&post=3398"}],"version-history":[{"count":1,"href":"https:\/\/arroyitoonline.com.ar\/index.php?rest_route=\/wp\/v2\/posts\/3398\/revisions"}],"predecessor-version":[{"id":3400,"href":"https:\/\/arroyitoonline.com.ar\/index.php?rest_route=\/wp\/v2\/posts\/3398\/revisions\/3400"}],"wp:featuredmedia":[{"embeddable":true,"href":"https:\/\/arroyitoonline.com.ar\/index.php?rest_route=\/wp\/v2\/media\/3399"}],"wp:attachment":[{"href":"https:\/\/arroyitoonline.com.ar\/index.php?rest_route=%2Fwp%2Fv2%2Fmedia&parent=3398"}],"wp:term":[{"taxonomy":"category","embeddable":true,"href":"https:\/\/arroyitoonline.com.ar\/index.php?rest_route=%2Fwp%2Fv2%2Fcategories&post=3398"},{"taxonomy":"post_tag","embeddable":true,"href":"https:\/\/arroyitoonline.com.ar\/index.php?rest_route=%2Fwp%2Fv2%2Ftags&post=3398"}],"curies":[{"name":"wp","href":"https:\/\/api.w.org\/{rel}","templated":true}]}}