{"id":3417,"date":"2019-04-23T01:54:26","date_gmt":"2019-04-23T01:54:26","guid":{"rendered":"http:\/\/arroyitoonline.com.ar\/?p=3417"},"modified":"2019-04-23T02:02:52","modified_gmt":"2019-04-23T02:02:52","slug":"fallecio-el-motociclista-que-choco-con-un-camion","status":"publish","type":"post","link":"https:\/\/arroyitoonline.com.ar\/?p=3417","title":{"rendered":"Falleci\u00f3 el motociclista que choc\u00f3 con un cami\u00f3n"},"content":{"rendered":"\n<p><strong>Colisionaron en la\nintersecci\u00f3n de las avenidas Bernardi y Moreno. El joven de 22 a\u00f1os fue\ntrasladado al Hospital Misericordia de C\u00f3rdoba, donde perdi\u00f3 la vida. <\/strong><\/p>\n\n\n\n<p>Esta tarde a las 16:45 horas, la Polic\u00eda recibi\u00f3 un llamado\na la l\u00ednea de emergencia 101, informando que se hab\u00eda producido un accidente de\ntr\u00e1nsito.<\/p>\n\n\n\n<p>A continuaci\u00f3n, el uniformado que lleg\u00f3 al lugar entrevist\u00f3 a un hombre (59), quien coment\u00f3 que circulaba en su cami\u00f3n Ford Cargo 1831 con acoplado, por Av. Marcelino Bernardi, en direcci\u00f3n de sur a norte.<\/p>\n\n\n\n<p>Cuando lleg\u00f3 a la intersecci\u00f3n con Av. Mariano Moreno, el transportista dobl\u00f3 hacia el oeste siendo colisionado por una moto Guerrero Trip 110 CC roja conducida por un joven (22), que tambi\u00e9n andaba por Bernardi, pero con sentido contrario. <\/p>\n\n\n\n<p>M\u00e1s tarde, se hizo presente en el lugar, el servicio de emergencias trasladando al motociclista hacia el nosocomio local, donde le diagnosticaron lesiones graves. Por este motivo, el joven fue llevado al Hospital Misericordia de la ciudad de C\u00f3rdoba, donde momentos despu\u00e9s perdi\u00f3 la vida. <\/p>\n\n\n\n<p>Fuente: informe del comisario Clever Salguero. <\/p>\n\n\n\n<p>La foto es gentileza de Canal 3.<\/p>\n","protected":false},"excerpt":{"rendered":"<p>Colisionaron en la intersecci\u00f3n de las avenidas Bernardi y Moreno. El joven de 22 a\u00f1os fue trasladado al Hospital Misericordia&hellip;<\/p>\n","protected":false},"author":3,"featured_media":3418,"comment_status":"closed","ping_status":"open","sticky":false,"template":"","format":"standard","meta":{"footnotes":""},"categories":[824],"tags":[66,67,836,191,547,572,635,637,638,825,737],"class_list":["post-3417","post","type-post","status-publish","format-standard","has-post-thumbnail","hentry","category-policiales-online","tag-arroyito","tag-arroyito-cordoba","tag-arroyito-online","tag-choque","tag-motos","tag-noticias-de-arroyito-y-zona","tag-policia","tag-policiales","tag-policiales-arroyito","tag-policiales-online","tag-siniestro-vial"],"_links":{"self":[{"href":"https:\/\/arroyitoonline.com.ar\/index.php?rest_route=\/wp\/v2\/posts\/3417","targetHints":{"allow":["GET"]}}],"collection":[{"href":"https:\/\/arroyitoonline.com.ar\/index.php?rest_route=\/wp\/v2\/posts"}],"about":[{"href":"https:\/\/arroyitoonline.com.ar\/index.php?rest_route=\/wp\/v2\/types\/post"}],"author":[{"embeddable":true,"href":"https:\/\/arroyitoonline.com.ar\/index.php?rest_route=\/wp\/v2\/users\/3"}],"replies":[{"embeddable":true,"href":"https:\/\/arroyitoonline.com.ar\/index.php?rest_route=%2Fwp%2Fv2%2Fcomments&post=3417"}],"version-history":[{"count":2,"href":"https:\/\/arroyitoonline.com.ar\/index.php?rest_route=\/wp\/v2\/posts\/3417\/revisions"}],"predecessor-version":[{"id":3421,"href":"https:\/\/arroyitoonline.com.ar\/index.php?rest_route=\/wp\/v2\/posts\/3417\/revisions\/3421"}],"wp:featuredmedia":[{"embeddable":true,"href":"https:\/\/arroyitoonline.com.ar\/index.php?rest_route=\/wp\/v2\/media\/3418"}],"wp:attachment":[{"href":"https:\/\/arroyitoonline.com.ar\/index.php?rest_route=%2Fwp%2Fv2%2Fmedia&parent=3417"}],"wp:term":[{"taxonomy":"category","embeddable":true,"href":"https:\/\/arroyitoonline.com.ar\/index.php?rest_route=%2Fwp%2Fv2%2Fcategories&post=3417"},{"taxonomy":"post_tag","embeddable":true,"href":"https:\/\/arroyitoonline.com.ar\/index.php?rest_route=%2Fwp%2Fv2%2Ftags&post=3417"}],"curies":[{"name":"wp","href":"https:\/\/api.w.org\/{rel}","templated":true}]}}