{"id":3422,"date":"2019-04-23T02:37:40","date_gmt":"2019-04-23T02:37:40","guid":{"rendered":"http:\/\/arroyitoonline.com.ar\/?p=3422"},"modified":"2019-04-23T02:37:42","modified_gmt":"2019-04-23T02:37:42","slug":"mirian-bonetto-es-la-nueva-presidenta-de-acercar","status":"publish","type":"post","link":"https:\/\/arroyitoonline.com.ar\/?p=3422","title":{"rendered":"Mirian Bonetto es la nueva presidenta de Acercar"},"content":{"rendered":"\n<p><strong>Reemplazar\u00e1 a Elena\nAlmada, quien permaneci\u00f3 en el cargo por ocho a\u00f1os. Su nombre fue propuesto en\nla Asamblea General Ordinaria de la entidad. <\/strong><\/p>\n\n\n\n<p>El pasado mi\u00e9rcoles, Acercar concret\u00f3 la Asamblea General\nOrdinaria. Uno de los temas del orden del d\u00eda era la renovaci\u00f3n de todos los\ncargos de la Comisi\u00f3n Directiva de la ONG.<\/p>\n\n\n\n<p>La gran novedad es que deb\u00eda optarse, para los pr\u00f3ximos dos\na\u00f1os, por una nueva autoridad m\u00e1xima, elecci\u00f3n que recay\u00f3 sobre Mirian Bonetto,\nmam\u00e1 de uno de los asistentes de la entidad y allegada al trabajo institucional\ndesde hace a\u00f1os.<\/p>\n\n\n\n<p><br> Debemos recordar que la presidente saliente llevaba ocho a\u00f1os en el cargo y por Estatuto deb\u00eda realizarse una renovaci\u00f3n.<br><\/p>\n\n\n\n<p><em>\u201cTodos los que hacernos Acercar queremos agradecer a la Sra. Elena Almada, tantos a\u00f1os de servicio y colaboraci\u00f3n, y desearle a Mirian todo el apoyo y la suerte necesarios para llevar adelante los destinos de esta, nuestra casa\u201d<\/em>, se\u00f1alaron desde Acercar, una de las organizaciones m\u00e1s queridas de Arroyito. <\/p>\n","protected":false},"excerpt":{"rendered":"<p>Reemplazar\u00e1 a Elena Almada, quien permaneci\u00f3 en el cargo por ocho a\u00f1os. Su nombre fue propuesto en la Asamblea General&hellip;<\/p>\n","protected":false},"author":3,"featured_media":3423,"comment_status":"closed","ping_status":"open","sticky":false,"template":"","format":"standard","meta":{"footnotes":""},"categories":[900],"tags":[25,66,67,836,296,572],"class_list":["post-3422","post","type-post","status-publish","format-standard","has-post-thumbnail","hentry","category-noticias","tag-acercar","tag-arroyito","tag-arroyito-cordoba","tag-arroyito-online","tag-discapacidad","tag-noticias-de-arroyito-y-zona"],"_links":{"self":[{"href":"https:\/\/arroyitoonline.com.ar\/index.php?rest_route=\/wp\/v2\/posts\/3422","targetHints":{"allow":["GET"]}}],"collection":[{"href":"https:\/\/arroyitoonline.com.ar\/index.php?rest_route=\/wp\/v2\/posts"}],"about":[{"href":"https:\/\/arroyitoonline.com.ar\/index.php?rest_route=\/wp\/v2\/types\/post"}],"author":[{"embeddable":true,"href":"https:\/\/arroyitoonline.com.ar\/index.php?rest_route=\/wp\/v2\/users\/3"}],"replies":[{"embeddable":true,"href":"https:\/\/arroyitoonline.com.ar\/index.php?rest_route=%2Fwp%2Fv2%2Fcomments&post=3422"}],"version-history":[{"count":1,"href":"https:\/\/arroyitoonline.com.ar\/index.php?rest_route=\/wp\/v2\/posts\/3422\/revisions"}],"predecessor-version":[{"id":3424,"href":"https:\/\/arroyitoonline.com.ar\/index.php?rest_route=\/wp\/v2\/posts\/3422\/revisions\/3424"}],"wp:featuredmedia":[{"embeddable":true,"href":"https:\/\/arroyitoonline.com.ar\/index.php?rest_route=\/wp\/v2\/media\/3423"}],"wp:attachment":[{"href":"https:\/\/arroyitoonline.com.ar\/index.php?rest_route=%2Fwp%2Fv2%2Fmedia&parent=3422"}],"wp:term":[{"taxonomy":"category","embeddable":true,"href":"https:\/\/arroyitoonline.com.ar\/index.php?rest_route=%2Fwp%2Fv2%2Fcategories&post=3422"},{"taxonomy":"post_tag","embeddable":true,"href":"https:\/\/arroyitoonline.com.ar\/index.php?rest_route=%2Fwp%2Fv2%2Ftags&post=3422"}],"curies":[{"name":"wp","href":"https:\/\/api.w.org\/{rel}","templated":true}]}}