{"id":3429,"date":"2019-04-20T13:14:57","date_gmt":"2019-04-20T13:14:57","guid":{"rendered":"http:\/\/arroyitoonline.com.ar\/?p=3429"},"modified":"2019-04-23T13:16:29","modified_gmt":"2019-04-23T13:16:29","slug":"la-biblioteca-concreto-el-taller-un-libro-lleva-a-otro-libro","status":"publish","type":"post","link":"https:\/\/arroyitoonline.com.ar\/?p=3429","title":{"rendered":"La Biblioteca concret\u00f3 el taller Un libro lleva a otro libro"},"content":{"rendered":"\n<p><strong>Fue en el marco de la exitosa 13ra. edici\u00f3n de la Feria Infanto Juvenil In Situ organizada por la Biblioteca. <\/strong><\/p>\n\n\n\n<p>El martes 16, en la Biblioteca Municipal Popular Almafuerte, se desarroll\u00f3 la 13ra. Feria Infanto Juvenil In Situ, de la que participaron el secretario de Gobierno Ignacio Cabello, la directora anfitriona Norma Ferreyra, la coordinadora del PreNaf Silvia Lovera, amigas de la Biblioteca, bibliotecarias, docentes, directivos y alumnos.<\/p>\n\n\n\n<p>En esta oportunidad, expusieron todos los libros para que los ni\u00f1os los&nbsp;explorasen, eligiendo los m\u00e1s atrapantes motiv\u00e1ndolos&nbsp;para que navegaran en el&nbsp;mundo de la literatura.<\/p>\n\n\n\n<p>Adem\u00e1s, y tal como estaba programado, la editora Carina Fracarolli dict\u00f3 el taller Un libro lleva a otro libro. Enhebrando cuentos, novelas y poemas que nos acercan a la belleza, de Editorial Comunicarte 2019.<\/p>\n\n\n\n<p>La ocasi\u00f3n fue propicia para que 70 personas se deleitaran con la narrativa de la destacada editora cordobesa.<\/p>\n\n\n\n<p>Los objetivos de este taller fueron la creaci\u00f3n del h\u00e1bito lector a partir de experiencias placenteras con textos de narrativa, teatro y poes\u00eda; acercamiento de obras de autores contempor\u00e1neos cuya escritura aborda tem\u00e1ticas significativas seg\u00fan el contexto del lector; incentivaci\u00f3n a la pr\u00e1ctica de la lectura en voz alta y la narraci\u00f3n oral en la labor cotidiana del aula; integraci\u00f3n a la familia y a la comunidad en la realizaci\u00f3n de actividades que tengan al libro como motor de conocimiento y formaci\u00f3n de lectores cr\u00edticos y ciudadanos participativos, entre otros. <\/p>\n\n\n\n<p>La profesional llev\u00f3 a los presentes a un paseo por los libros y las tem\u00e1ticas que gustan e interesan a los ni\u00f1os y adolescentes con la intenci\u00f3n de volver a la clase un espacio para crecer, aprender y disfrutar mientras se ense\u00f1a.<\/p>\n\n\n\n<p>Finalizando con la entrega de un ramo floral en agradecimiento a su visita a nuestra ciudad y Biblioteca Municipal Popular \u201cAlmafuerte\u201d la cual destac\u00f3 la magnitud de la misma. <\/p>\n\n\n\n<p>La editora de Comunicarte, egresada de la Escuela de Ciencias de la Informaci\u00f3n de la Universidad Nacional de C\u00f3rdoba, nunca imagin\u00f3 que su trabajo se transformar\u00eda, pasando de ser&nbsp;una revista para su tesis de grado, a una reconocida editorial latinoamericana, una distintiva librer\u00eda y uno de los pocos centros de promoci\u00f3n de la literatura infantil y juvenil, con fuerte acento en C\u00f3rdoba y en el pa\u00eds. <\/p>\n\n\n\n<p>Un dato importante: los libros de Comunicarte que se expusieron en el taller quedaron para la venta en la Biblioteca.<\/p>\n\n\n\n<p>Fuente: Prensa Municipal. <\/p>\n","protected":false},"excerpt":{"rendered":"<p>Fue en el marco de la exitosa 13ra. edici\u00f3n de la Feria Infanto Juvenil In Situ organizada por la Biblioteca.&hellip;<\/p>\n","protected":false},"author":3,"featured_media":3430,"comment_status":"closed","ping_status":"open","sticky":false,"template":"","format":"standard","meta":{"footnotes":""},"categories":[2,830],"tags":[66,67,836,117,886,364,939,489,492,499,572,748],"class_list":["post-3429","post","type-post","status-publish","format-standard","has-post-thumbnail","hentry","category-cultura-y-espectaculos","category-educacion-online","tag-arroyito","tag-arroyito-cordoba","tag-arroyito-online","tag-biblioteca","tag-biblioteca-municipal-popular-almafuerte","tag-feria-del-libro","tag-feria-infanto-juvenil-in-situ","tag-lectura","tag-libros","tag-literatura","tag-noticias-de-arroyito-y-zona","tag-taller"],"_links":{"self":[{"href":"https:\/\/arroyitoonline.com.ar\/index.php?rest_route=\/wp\/v2\/posts\/3429","targetHints":{"allow":["GET"]}}],"collection":[{"href":"https:\/\/arroyitoonline.com.ar\/index.php?rest_route=\/wp\/v2\/posts"}],"about":[{"href":"https:\/\/arroyitoonline.com.ar\/index.php?rest_route=\/wp\/v2\/types\/post"}],"author":[{"embeddable":true,"href":"https:\/\/arroyitoonline.com.ar\/index.php?rest_route=\/wp\/v2\/users\/3"}],"replies":[{"embeddable":true,"href":"https:\/\/arroyitoonline.com.ar\/index.php?rest_route=%2Fwp%2Fv2%2Fcomments&post=3429"}],"version-history":[{"count":2,"href":"https:\/\/arroyitoonline.com.ar\/index.php?rest_route=\/wp\/v2\/posts\/3429\/revisions"}],"predecessor-version":[{"id":3432,"href":"https:\/\/arroyitoonline.com.ar\/index.php?rest_route=\/wp\/v2\/posts\/3429\/revisions\/3432"}],"wp:featuredmedia":[{"embeddable":true,"href":"https:\/\/arroyitoonline.com.ar\/index.php?rest_route=\/wp\/v2\/media\/3430"}],"wp:attachment":[{"href":"https:\/\/arroyitoonline.com.ar\/index.php?rest_route=%2Fwp%2Fv2%2Fmedia&parent=3429"}],"wp:term":[{"taxonomy":"category","embeddable":true,"href":"https:\/\/arroyitoonline.com.ar\/index.php?rest_route=%2Fwp%2Fv2%2Fcategories&post=3429"},{"taxonomy":"post_tag","embeddable":true,"href":"https:\/\/arroyitoonline.com.ar\/index.php?rest_route=%2Fwp%2Fv2%2Ftags&post=3429"}],"curies":[{"name":"wp","href":"https:\/\/api.w.org\/{rel}","templated":true}]}}