{"id":3436,"date":"2019-04-24T03:03:07","date_gmt":"2019-04-24T03:03:07","guid":{"rendered":"http:\/\/arroyitoonline.com.ar\/?p=3436"},"modified":"2019-04-24T03:03:09","modified_gmt":"2019-04-24T03:03:09","slug":"hacemos-por-cordoba-repudio-las-declaraciones-de-carrio-gracias-a-dios-murio-de-la-sota","status":"publish","type":"post","link":"https:\/\/arroyitoonline.com.ar\/?p=3436","title":{"rendered":"Hacemos por C\u00f3rdoba repudi\u00f3 las declaraciones de Carri\u00f3: \u201cGracias a Dios muri\u00f3 De La Sota\u201d"},"content":{"rendered":"\n<p><strong>Tambi\u00e9n las hijas del exgobernador,\nNatalia y Candelaria, y un sinn\u00famero de pol\u00edticos y periodistas condenaron los\ndichos de la diputada nacional aliada al macrismo.<\/strong><\/p>\n\n\n\n<p>La l\u00edder de la Coalici\u00f3n C\u00edvica,\u00a0<strong>Elisa Carri\u00f3,<\/strong>\u00a0visit\u00f3 hoy nuestra provincia, en respaldo al candidato a gobernador por Cambiemos,\u00a0Mario Negri.\u00a0Pero la actividad se vio empa\u00f1ada por un\u00a0nuevo exabrupto\u00a0de la diputada, quien expres\u00f3 que <em>&#8220;gracias a Dios muri\u00f3 De La Sota&#8221;<\/em>, en referencia al exgobernador fallecido el 15 de septiembre de 2018 en un accidente automovil\u00edstico.<\/p>\n\n\n\n<p>Una vez viralizados sus\ndichos, un fuerte repudio se hizo sentir en las redes sociales de pol\u00edticos y\nperiodistas. Tambi\u00e9n las hijas del tres veces primer mandatario cordob\u00e9s se\nexpresaron al respecto.<\/p>\n\n\n\n<p><em>&#8220;Presidente @mauriciomacri, espero que le pida\na su socia pol\u00edtica @elisacarrio que se disculpe de inmediato conmigo y toda mi\nfamilia por la inmensa barbaridad que dijo sobre la muerte de mi padre. No todo\nvale para conseguir votos&#8221;<\/em>, public\u00f3 Candelaria,\nla mayor, en su cuenta de Twitter. <\/p>\n\n\n\n<p>En la misma l\u00ednea, la concejala de la ciudad de C\u00f3rdoba, Natalia De la Sota, se refiri\u00f3 a los dichos de Carri\u00f3 usando la misma red social que su hermana: <em>&#8220;Ante tanto odio, tanta bajeza y tanta infamia, no sirven las palabras. Basta con sentir el respeto, el amor y el agradecimiento que tiene C\u00f3rdoba por ese gran hombre que fue Jos\u00e9 Manuel de la Sota. Esa es la \u00fanica respuesta posible&#8221;<\/em>.<\/p>\n\n\n\n<p>Las desafortunadas palabras de la l\u00edder de\nla Coalici\u00f3n C\u00edvica tambi\u00e9n fueron repudiadas en un comunicado emitido por\nHacemos por C\u00f3rdoba, sello mediante el cual el actual gobernador Juan\nSchiaretti busca su reelecci\u00f3n. <\/p>\n\n\n\n<figure class=\"wp-block-image\"><img loading=\"lazy\" decoding=\"async\" width=\"768\" height=\"960\" src=\"http:\/\/arroyitoonline.com.ar\/wp-content\/uploads\/2019\/04\/comunicado-hacemos-por-c\u00f3rdoba-dichos-carri\u00f3.jpg\" alt=\"\" class=\"wp-image-3438\" srcset=\"https:\/\/arroyitoonline.com.ar\/wp-content\/uploads\/2019\/04\/comunicado-hacemos-por-c\u00f3rdoba-dichos-carri\u00f3.jpg 768w, https:\/\/arroyitoonline.com.ar\/wp-content\/uploads\/2019\/04\/comunicado-hacemos-por-c\u00f3rdoba-dichos-carri\u00f3-240x300.jpg 240w\" sizes=\"auto, (max-width: 768px) 100vw, 768px\" \/><figcaption><em>El comunicado fue publicado hace dos horas<\/em><\/figcaption><\/figure>\n\n\n\n<p>Luego de la fuerte condena social que recibi\u00f3 por sus reprochables comentarios, Carri\u00f3 public\u00f3 un mensaje en su cuenta de Twitter, en el que pidi\u00f3 disculpas si ofendi\u00f3 a alguien:<\/p>\n\n\n\n<figure class=\"wp-block-image\"><img loading=\"lazy\" decoding=\"async\" width=\"586\" height=\"175\" src=\"http:\/\/arroyitoonline.com.ar\/wp-content\/uploads\/2019\/04\/Dibujo.png\" alt=\"\" class=\"wp-image-3439\" srcset=\"https:\/\/arroyitoonline.com.ar\/wp-content\/uploads\/2019\/04\/Dibujo.png 586w, https:\/\/arroyitoonline.com.ar\/wp-content\/uploads\/2019\/04\/Dibujo-300x90.png 300w\" sizes=\"auto, (max-width: 586px) 100vw, 586px\" \/><\/figure>\n\n\n\n<p>Desde <strong>Arroyito Online<\/strong> nos sumamos al repudio de los dichos de Carri\u00f3 adhiriendo al pedido de que sea declarada persona no grata en C\u00f3rdoba. Nuestra solidaridad con la familia del exgobernador Jos\u00e9 Manuel De La Sota.<\/p>\n\n\n\n<p>Fuente: Infobae.<\/p>\n\n\n\n<p>Foto de archivo.<\/p>\n","protected":false},"excerpt":{"rendered":"<p>Tambi\u00e9n las hijas del exgobernador, Natalia y Candelaria, y un sinn\u00famero de pol\u00edticos y periodistas condenaron los dichos de la&hellip;<\/p>\n","protected":false},"author":3,"featured_media":3437,"comment_status":"closed","ping_status":"open","sticky":false,"template":"","format":"standard","meta":{"footnotes":""},"categories":[8],"tags":[13,141,244,318,640],"class_list":["post-3436","post","type-post","status-publish","format-standard","has-post-thumbnail","hentry","category-politica","tag-13","tag-cambiemos","tag-cordoba","tag-elecciones","tag-politica"],"_links":{"self":[{"href":"https:\/\/arroyitoonline.com.ar\/index.php?rest_route=\/wp\/v2\/posts\/3436","targetHints":{"allow":["GET"]}}],"collection":[{"href":"https:\/\/arroyitoonline.com.ar\/index.php?rest_route=\/wp\/v2\/posts"}],"about":[{"href":"https:\/\/arroyitoonline.com.ar\/index.php?rest_route=\/wp\/v2\/types\/post"}],"author":[{"embeddable":true,"href":"https:\/\/arroyitoonline.com.ar\/index.php?rest_route=\/wp\/v2\/users\/3"}],"replies":[{"embeddable":true,"href":"https:\/\/arroyitoonline.com.ar\/index.php?rest_route=%2Fwp%2Fv2%2Fcomments&post=3436"}],"version-history":[{"count":1,"href":"https:\/\/arroyitoonline.com.ar\/index.php?rest_route=\/wp\/v2\/posts\/3436\/revisions"}],"predecessor-version":[{"id":3440,"href":"https:\/\/arroyitoonline.com.ar\/index.php?rest_route=\/wp\/v2\/posts\/3436\/revisions\/3440"}],"wp:featuredmedia":[{"embeddable":true,"href":"https:\/\/arroyitoonline.com.ar\/index.php?rest_route=\/wp\/v2\/media\/3437"}],"wp:attachment":[{"href":"https:\/\/arroyitoonline.com.ar\/index.php?rest_route=%2Fwp%2Fv2%2Fmedia&parent=3436"}],"wp:term":[{"taxonomy":"category","embeddable":true,"href":"https:\/\/arroyitoonline.com.ar\/index.php?rest_route=%2Fwp%2Fv2%2Fcategories&post=3436"},{"taxonomy":"post_tag","embeddable":true,"href":"https:\/\/arroyitoonline.com.ar\/index.php?rest_route=%2Fwp%2Fv2%2Ftags&post=3436"}],"curies":[{"name":"wp","href":"https:\/\/api.w.org\/{rel}","templated":true}]}}