{"id":3448,"date":"2019-04-24T15:37:56","date_gmt":"2019-04-24T15:37:56","guid":{"rendered":"http:\/\/arroyitoonline.com.ar\/?p=3448"},"modified":"2019-04-25T03:39:22","modified_gmt":"2019-04-25T03:39:22","slug":"excepcion-las-cadenas-de-supermercados-radicadas-en-arroyito-abriran-sus-puertas-este-domingo","status":"publish","type":"post","link":"https:\/\/arroyitoonline.com.ar\/?p=3448","title":{"rendered":"Las cadenas de supermercados radicadas en Arroyito abrir\u00e1n sus puertas este domingo"},"content":{"rendered":"\n<p><strong>Es en respuesta a una excepci\u00f3n solicitada por el Centro Comercial e Industrial de Arroyito. Solo ser\u00e1 por esta vez.<\/strong><\/p>\n\n\n\n<p>Esta ma\u00f1ana, en conferencia de prensa, el intendente Mauricio Cravero explic\u00f3 porqu\u00e9 los supermercados abrir\u00e1n este domingo 28, aunque la <a href=\"http:\/\/www.cdarroyito.gob.ar\/docum\/ordenanzas\/ORD.%201660%20Descanso%20Dominical.pdf\">Ordenanza N\u00ba 1.660\/2014 Descanso dominical del trabajador<\/a> est\u00e9 en plena vigencia en nuestra ciudad.<\/p>\n\n\n\n<p>Al respecto, el primer mandatario local dijo que esto empez\u00f3 hace una semana, cuando el Centro Comercial e Industrial de Arroyito present\u00f3 una nota dirigida al intendente, donde suger\u00eda que, como el 1\u00ba de mayo es no laborable y no trabaja ninguna de estas cadenas, pod\u00eda compensarse abriendo este domingo, a modo de excepci\u00f3n cubriendo el feriado del mi\u00e9rcoles, <em>&#8220;informando y justificando todo este tema por la dificultad de que la econom\u00eda no anda&#8221;<\/em>.<\/p>\n\n\n\n<p>Cravero tambi\u00e9n se\u00f1al\u00f3 que <em>&#8220;lo estudiamos, lo enviamos a la Asesor\u00eda Letrada, porque ac\u00e1 no hay que olvidarnos de que hay una ordenanza en la que se proh\u00edbe la apertura los d\u00edas domingos; que si no estuviera, todos estos que han venido abrir\u00edan de lunes a lunes. Lo cumplieron porque fue lo primero que les pusimos en la mesa cuando vinieron a decirnos que iban a invertir en Arroyito&#8221;<\/em>. <\/p>\n\n\n\n<p>Por \u00faltimo, el jefe municipal asever\u00f3 que Asesor\u00eda <em>&#8220;nos sugiri\u00f3 que ve\u00edan con buenos ojos que concedi\u00e9ramos lo que ped\u00eda el CCIA. Ac\u00e1 hay que ser bien claros. Uno tiene que suponer que la gran mayor\u00eda de los comercios est\u00e1 adherida al Centro. No va a pasar lo mismo con el resto de los domingos&#8221;<\/em>. <\/p>\n\n\n\n<p><strong>C\u00f3mo trabajan las grandes superficies<\/strong><\/p>\n\n\n\n<p>Seg\u00fan lo informaron, ambas abrir\u00e1n sus puertas este domingo 28. Mientras Mariano Max lo har\u00e1 en jornada completa, de 9:00 a 22:00 horas, La An\u00f3nima atender\u00e1 de 9:00 a 14:00 horas.<\/p>\n","protected":false},"excerpt":{"rendered":"<p>Es en respuesta a una excepci\u00f3n solicitada por el Centro Comercial e Industrial de Arroyito. Solo ser\u00e1 por esta vez.&hellip;<\/p>\n","protected":false},"author":3,"featured_media":3449,"comment_status":"closed","ping_status":"open","sticky":false,"template":"","format":"standard","meta":{"footnotes":""},"categories":[900],"tags":[66,67,836,168,217,855,309,944,572,745],"class_list":["post-3448","post","type-post","status-publish","format-standard","has-post-thumbnail","hentry","category-noticias","tag-arroyito","tag-arroyito-cordoba","tag-arroyito-online","tag-centro-comercial","tag-comercio","tag-crisis","tag-economia","tag-la-anonima","tag-noticias-de-arroyito-y-zona","tag-supermercados"],"_links":{"self":[{"href":"https:\/\/arroyitoonline.com.ar\/index.php?rest_route=\/wp\/v2\/posts\/3448","targetHints":{"allow":["GET"]}}],"collection":[{"href":"https:\/\/arroyitoonline.com.ar\/index.php?rest_route=\/wp\/v2\/posts"}],"about":[{"href":"https:\/\/arroyitoonline.com.ar\/index.php?rest_route=\/wp\/v2\/types\/post"}],"author":[{"embeddable":true,"href":"https:\/\/arroyitoonline.com.ar\/index.php?rest_route=\/wp\/v2\/users\/3"}],"replies":[{"embeddable":true,"href":"https:\/\/arroyitoonline.com.ar\/index.php?rest_route=%2Fwp%2Fv2%2Fcomments&post=3448"}],"version-history":[{"count":2,"href":"https:\/\/arroyitoonline.com.ar\/index.php?rest_route=\/wp\/v2\/posts\/3448\/revisions"}],"predecessor-version":[{"id":3451,"href":"https:\/\/arroyitoonline.com.ar\/index.php?rest_route=\/wp\/v2\/posts\/3448\/revisions\/3451"}],"wp:featuredmedia":[{"embeddable":true,"href":"https:\/\/arroyitoonline.com.ar\/index.php?rest_route=\/wp\/v2\/media\/3449"}],"wp:attachment":[{"href":"https:\/\/arroyitoonline.com.ar\/index.php?rest_route=%2Fwp%2Fv2%2Fmedia&parent=3448"}],"wp:term":[{"taxonomy":"category","embeddable":true,"href":"https:\/\/arroyitoonline.com.ar\/index.php?rest_route=%2Fwp%2Fv2%2Fcategories&post=3448"},{"taxonomy":"post_tag","embeddable":true,"href":"https:\/\/arroyitoonline.com.ar\/index.php?rest_route=%2Fwp%2Fv2%2Ftags&post=3448"}],"curies":[{"name":"wp","href":"https:\/\/api.w.org\/{rel}","templated":true}]}}