{"id":3453,"date":"2019-04-25T14:57:12","date_gmt":"2019-04-25T14:57:12","guid":{"rendered":"http:\/\/arroyitoonline.com.ar\/?p=3453"},"modified":"2019-04-25T15:02:51","modified_gmt":"2019-04-25T15:02:51","slug":"prenaf-incorporo-tres-acompanantes-terapeuticas","status":"publish","type":"post","link":"https:\/\/arroyitoonline.com.ar\/?p=3453","title":{"rendered":"PreNAF incorpor\u00f3 tres acompa\u00f1antes terap\u00e9uticas"},"content":{"rendered":"\n<p><strong>Fueron presentadas por el intendente Cravero y el secretario de Gobierno Cabello. Adem\u00e1s oficializaron a Cintia Bruera como directora de Tr\u00e1nsito.<\/strong><\/p>\n\n\n\n<p>Ayer por la ma\u00f1ana, el intendente Mauricio Cravero y el secretario de Gobierno Ignacio Cabello ofrecieron una conferencia de prensa para la presentaci\u00f3n de las nuevas incorporaciones en el PreNAF (Prevenci\u00f3n, Ni\u00f1ez, Adolescencia y Familia).<\/p>\n\n\n\n<p>Se trata de acompa\u00f1antes Terap\u00e9uticas de la Red El \u00c1rbol integrada por Flavia Flores, Romina Luque y Mirna Schott, profesionales&nbsp;agentes de salud que se suman a equipo interdisciplinario&nbsp;del \u00e1rea mencionada.<\/p>\n\n\n\n<figure class=\"wp-block-embed-facebook wp-block-embed is-type-video is-provider-facebook\"><div class=\"wp-block-embed__wrapper\">\nhttps:\/\/www.facebook.com\/arroyitoonlineoficial\/videos\/2630489707023391\/\n<\/div><\/figure>\n\n\n\n<p>En el \u00e1mbito profesional, el acompa\u00f1ante terap\u00e9utico es un recurso alternativo, importante y destacado por&nbsp;el rol a desempe\u00f1ar,&nbsp;destinado al&nbsp; acompa\u00f1amiento y disposici\u00f3n&nbsp;en el grupo familiar.<\/p>\n\n\n\n<p>Por otra parte, Cravero le dio la bienvenida a la nueva funcionaria, que ocupar\u00e1 el cargo de directora de Tr\u00e1nsito, Cintia Bruera.<\/p>\n\n\n\n<p>Bruera tiene una importante experiencia en ese \u00e1mbito, cuenta con el t\u00edtulo de licenciada en Criminal\u00edstica con especializaci\u00f3n T\u00e9cnica en Accidentolog\u00eda Vial. Adem\u00e1s, en la actualidad, la flamante directora se desempe\u00f1a como miembro fundadora de la Comisi\u00f3n Directiva de la Asociaci\u00f3n Civil Foro de Familiares de V\u00edctimas de Siniestros Viales (FVSV) y como integrante del Comit\u00e9 Consultivo de la Agencia Nacional de Vialidad.<\/p>\n\n\n\n<p>Foto: Prensa Municipal. <\/p>\n","protected":false},"excerpt":{"rendered":"<p>Fueron presentadas por el intendente Cravero y el secretario de Gobierno Cabello. Adem\u00e1s oficializaron a Cintia Bruera como directora de&hellip;<\/p>\n","protected":false},"author":3,"featured_media":3454,"comment_status":"closed","ping_status":"open","sticky":false,"template":"","format":"standard","meta":{"footnotes":""},"categories":[1],"tags":[30,66,67,836,868,555,556,647],"class_list":["post-3453","post","type-post","status-publish","format-standard","has-post-thumbnail","hentry","category-uncategorized","tag-adicciones","tag-arroyito","tag-arroyito-cordoba","tag-arroyito-online","tag-municipales-online","tag-municipalidad","tag-municipalidad-de-arroyito","tag-prenaf"],"_links":{"self":[{"href":"https:\/\/arroyitoonline.com.ar\/index.php?rest_route=\/wp\/v2\/posts\/3453","targetHints":{"allow":["GET"]}}],"collection":[{"href":"https:\/\/arroyitoonline.com.ar\/index.php?rest_route=\/wp\/v2\/posts"}],"about":[{"href":"https:\/\/arroyitoonline.com.ar\/index.php?rest_route=\/wp\/v2\/types\/post"}],"author":[{"embeddable":true,"href":"https:\/\/arroyitoonline.com.ar\/index.php?rest_route=\/wp\/v2\/users\/3"}],"replies":[{"embeddable":true,"href":"https:\/\/arroyitoonline.com.ar\/index.php?rest_route=%2Fwp%2Fv2%2Fcomments&post=3453"}],"version-history":[{"count":2,"href":"https:\/\/arroyitoonline.com.ar\/index.php?rest_route=\/wp\/v2\/posts\/3453\/revisions"}],"predecessor-version":[{"id":3457,"href":"https:\/\/arroyitoonline.com.ar\/index.php?rest_route=\/wp\/v2\/posts\/3453\/revisions\/3457"}],"wp:featuredmedia":[{"embeddable":true,"href":"https:\/\/arroyitoonline.com.ar\/index.php?rest_route=\/wp\/v2\/media\/3454"}],"wp:attachment":[{"href":"https:\/\/arroyitoonline.com.ar\/index.php?rest_route=%2Fwp%2Fv2%2Fmedia&parent=3453"}],"wp:term":[{"taxonomy":"category","embeddable":true,"href":"https:\/\/arroyitoonline.com.ar\/index.php?rest_route=%2Fwp%2Fv2%2Fcategories&post=3453"},{"taxonomy":"post_tag","embeddable":true,"href":"https:\/\/arroyitoonline.com.ar\/index.php?rest_route=%2Fwp%2Fv2%2Ftags&post=3453"}],"curies":[{"name":"wp","href":"https:\/\/api.w.org\/{rel}","templated":true}]}}