{"id":3495,"date":"2019-04-29T02:25:21","date_gmt":"2019-04-29T02:25:21","guid":{"rendered":"http:\/\/arroyitoonline.com.ar\/?p=3495"},"modified":"2019-04-29T02:27:00","modified_gmt":"2019-04-29T02:27:00","slug":"almuerzo-ucr-mestre-aprovecho-un-corte-de-luz-y-le-pego-a-la-epec","status":"publish","type":"post","link":"https:\/\/arroyitoonline.com.ar\/?p=3495","title":{"rendered":"Almuerzo UCR: Mestre aprovech\u00f3 un corte de luz y le peg\u00f3 a la Epec"},"content":{"rendered":"\n<p><strong>En la mitad del discurso del candidato a gobernador radical, el Sal\u00f3n Bomberos Voluntarios se qued\u00f3 sin energ\u00eda el\u00e9ctrica, lo cual le sirvi\u00f3 para pronunciar cr\u00edticas y promesas. <\/strong><\/p>\n\n\n\n<p>Promediando el discurso que pronunci\u00f3 Ram\u00f3n Mestre, en el almuerzo radical de esta tarde, se produjo un apag\u00f3n en el Sal\u00f3n Bomberos Voluntarios.<\/p>\n\n\n\n<p>Pero el intendente de C\u00f3rdoba, lejos de quedarse callado por la ausencia de micr\u00f3fono, abandon\u00f3 el atril y se acerc\u00f3 al borde del escenario, m\u00e1s pr\u00f3ximo a los presentes.<\/p>\n\n\n\n<p>Desde ah\u00ed, y con un previo pedido de silencio para su audiencia, el candidato a gobernador de C\u00f3rdoba por la Uni\u00f3n C\u00edvica Radical, aprovech\u00f3 el desperfecto para pegarle al actual gobierno provincial y, en particular, a la EPEC. <\/p>\n\n\n\n<figure class=\"wp-block-embed-facebook wp-block-embed is-type-video is-provider-facebook\"><div class=\"wp-block-embed__wrapper\">\nhttps:\/\/www.facebook.com\/arroyitoonlineoficial\/videos\/691733967951392\/\n<\/div><figcaption><em>En el minuto 59 del video se produce el corte de luz que deja sin micr\u00f3fono a Mestre<\/em><\/figcaption><\/figure>\n\n\n\n<p><div>Cuando terminaba de pronunciar la frase <em>&#8220;con la salud no se jode&#8221;<\/em>, sobrevino el corte de luz repentino.<\/div><\/p>\n\n\n\n<p><div>Entonces, Mestre camin\u00f3, esper\u00f3 a que el p\u00fablico se callara y grit\u00f3 que <em>&#8220;f\u00edjense qu\u00e9 picard\u00eda, porque esto no es a prop\u00f3sito. Pagamos la energ\u00eda m\u00e1s cara de la Argentina&#8230; sopla el viento y se corta la luz, hace calor y se corta la luz, llueve y se corta la luz. No queremos m\u00e1s tener este inconveniente que tenemos hoy&#8221;<\/em>.<\/div><\/p>\n\n\n\n<p><div>Sus efusivas palabras fueron replicadas con una cerrada ovaci\u00f3n de los comensales. A continuaci\u00f3n, el dirigente radical prometi\u00f3 <em>&#8220;Congelar la tarifa de la Empresa Provincial de Energ\u00eda (EPEC), hasta que brindemos un servicio de calidad&#8221;<\/em>.<\/div><\/p>\n","protected":false},"excerpt":{"rendered":"<p>En la mitad del discurso del candidato a gobernador radical, el Sal\u00f3n Bomberos Voluntarios se qued\u00f3 sin energ\u00eda el\u00e9ctrica, lo&hellip;<\/p>\n","protected":false},"author":3,"featured_media":3496,"comment_status":"closed","ping_status":"open","sticky":false,"template":"","format":"standard","meta":{"footnotes":""},"categories":[8],"tags":[13,66,67,836,869,244,318,335,404,405,510,667,871,732,779],"class_list":["post-3495","post","type-post","status-publish","format-standard","has-post-thumbnail","hentry","category-politica","tag-13","tag-arroyito","tag-arroyito-cordoba","tag-arroyito-online","tag-campana-electoral","tag-cordoba","tag-elecciones","tag-epec","tag-gobierno-de-cordoba","tag-gobierno-de-la-provincia","tag-luz","tag-radical","tag-radicalismo","tag-servicios-publicos","tag-ucr"],"_links":{"self":[{"href":"https:\/\/arroyitoonline.com.ar\/index.php?rest_route=\/wp\/v2\/posts\/3495","targetHints":{"allow":["GET"]}}],"collection":[{"href":"https:\/\/arroyitoonline.com.ar\/index.php?rest_route=\/wp\/v2\/posts"}],"about":[{"href":"https:\/\/arroyitoonline.com.ar\/index.php?rest_route=\/wp\/v2\/types\/post"}],"author":[{"embeddable":true,"href":"https:\/\/arroyitoonline.com.ar\/index.php?rest_route=\/wp\/v2\/users\/3"}],"replies":[{"embeddable":true,"href":"https:\/\/arroyitoonline.com.ar\/index.php?rest_route=%2Fwp%2Fv2%2Fcomments&post=3495"}],"version-history":[{"count":2,"href":"https:\/\/arroyitoonline.com.ar\/index.php?rest_route=\/wp\/v2\/posts\/3495\/revisions"}],"predecessor-version":[{"id":3499,"href":"https:\/\/arroyitoonline.com.ar\/index.php?rest_route=\/wp\/v2\/posts\/3495\/revisions\/3499"}],"wp:featuredmedia":[{"embeddable":true,"href":"https:\/\/arroyitoonline.com.ar\/index.php?rest_route=\/wp\/v2\/media\/3496"}],"wp:attachment":[{"href":"https:\/\/arroyitoonline.com.ar\/index.php?rest_route=%2Fwp%2Fv2%2Fmedia&parent=3495"}],"wp:term":[{"taxonomy":"category","embeddable":true,"href":"https:\/\/arroyitoonline.com.ar\/index.php?rest_route=%2Fwp%2Fv2%2Fcategories&post=3495"},{"taxonomy":"post_tag","embeddable":true,"href":"https:\/\/arroyitoonline.com.ar\/index.php?rest_route=%2Fwp%2Fv2%2Ftags&post=3495"}],"curies":[{"name":"wp","href":"https:\/\/api.w.org\/{rel}","templated":true}]}}