{"id":3500,"date":"2019-04-29T02:40:38","date_gmt":"2019-04-29T02:40:38","guid":{"rendered":"http:\/\/arroyitoonline.com.ar\/?p=3500"},"modified":"2019-04-29T02:40:39","modified_gmt":"2019-04-29T02:40:39","slug":"anses-atendera-en-la-oficina-de-empleo","status":"publish","type":"post","link":"https:\/\/arroyitoonline.com.ar\/?p=3500","title":{"rendered":"Anses atender\u00e1 en la oficina de Empleo"},"content":{"rendered":"\n<p><strong>Ser\u00e1 desde las 8:00 horas de este lunes y solo se entregar\u00e1n 50 turnos, por orden de llegada.<\/strong><\/p>\n\n\n\n<p>Este lunes 29 de abril, la Administraci\u00f3n Nacional de la Seguridad Social estar\u00e1 en nuestra ciudad. La atenci\u00f3n se realizar\u00e1 en la oficina municipal de Empleo ubicada en Av. Illia 360, desde las 8:00 horas, y solo se entregar\u00e1n 50 n\u00fameros por orden de llegada.<\/p>\n\n\n\n<p>Los tr\u00e1mites que se receptar\u00e1n son: carga de libretas, nacimiento, Acreditaci\u00f3n de datos personales y familiares (ADP), habilitaci\u00f3n de claves de seguridad social y asesoramiento en general.<\/p>\n\n\n\n<p>Por \u00faltimo, desde la Anses informaron que estos Puntos de Contacto son, de manera exclusiva, para la atenci\u00f3n de personas de bajos recursos e imposibilitadas de trasladarse a la ciudad de San Francisco.<\/p>\n\n\n\n<p>Por otra parte, los n\u00fameros ser\u00e1n otorgados por personal de la Oficina el mismo d\u00eda, minutos antes de que se comience con la atenci\u00f3n. <\/p>\n\n\n\n<p>Fuente: Prensa Municipal.<\/p>\n\n\n\n<p>Imagen de archivo, solo a modo ilustrativo.<\/p>\n","protected":false},"excerpt":{"rendered":"<p>Ser\u00e1 desde las 8:00 horas de este lunes y solo se entregar\u00e1n 50 turnos, por orden de llegada. Este lunes&hellip;<\/p>\n","protected":false},"author":3,"featured_media":1225,"comment_status":"closed","ping_status":"open","sticky":false,"template":"","format":"standard","meta":{"footnotes":""},"categories":[900],"tags":[54,66,67,836,555,556,572,580],"class_list":["post-3500","post","type-post","status-publish","format-standard","has-post-thumbnail","hentry","category-noticias","tag-anses","tag-arroyito","tag-arroyito-cordoba","tag-arroyito-online","tag-municipalidad","tag-municipalidad-de-arroyito","tag-noticias-de-arroyito-y-zona","tag-oficina-de-empleo"],"_links":{"self":[{"href":"https:\/\/arroyitoonline.com.ar\/index.php?rest_route=\/wp\/v2\/posts\/3500","targetHints":{"allow":["GET"]}}],"collection":[{"href":"https:\/\/arroyitoonline.com.ar\/index.php?rest_route=\/wp\/v2\/posts"}],"about":[{"href":"https:\/\/arroyitoonline.com.ar\/index.php?rest_route=\/wp\/v2\/types\/post"}],"author":[{"embeddable":true,"href":"https:\/\/arroyitoonline.com.ar\/index.php?rest_route=\/wp\/v2\/users\/3"}],"replies":[{"embeddable":true,"href":"https:\/\/arroyitoonline.com.ar\/index.php?rest_route=%2Fwp%2Fv2%2Fcomments&post=3500"}],"version-history":[{"count":1,"href":"https:\/\/arroyitoonline.com.ar\/index.php?rest_route=\/wp\/v2\/posts\/3500\/revisions"}],"predecessor-version":[{"id":3501,"href":"https:\/\/arroyitoonline.com.ar\/index.php?rest_route=\/wp\/v2\/posts\/3500\/revisions\/3501"}],"wp:featuredmedia":[{"embeddable":true,"href":"https:\/\/arroyitoonline.com.ar\/index.php?rest_route=\/wp\/v2\/media\/1225"}],"wp:attachment":[{"href":"https:\/\/arroyitoonline.com.ar\/index.php?rest_route=%2Fwp%2Fv2%2Fmedia&parent=3500"}],"wp:term":[{"taxonomy":"category","embeddable":true,"href":"https:\/\/arroyitoonline.com.ar\/index.php?rest_route=%2Fwp%2Fv2%2Fcategories&post=3500"},{"taxonomy":"post_tag","embeddable":true,"href":"https:\/\/arroyitoonline.com.ar\/index.php?rest_route=%2Fwp%2Fv2%2Ftags&post=3500"}],"curies":[{"name":"wp","href":"https:\/\/api.w.org\/{rel}","templated":true}]}}