{"id":3507,"date":"2019-04-29T18:32:28","date_gmt":"2019-04-29T18:32:28","guid":{"rendered":"http:\/\/arroyitoonline.com.ar\/?p=3507"},"modified":"2019-04-29T18:32:29","modified_gmt":"2019-04-29T18:32:29","slug":"forzo-la-puerta-de-ingreso-a-un-domicilio-y-lo-detuvieron","status":"publish","type":"post","link":"https:\/\/arroyitoonline.com.ar\/?p=3507","title":{"rendered":"Forz\u00f3 la puerta de ingreso a un domicilio y lo detuvieron"},"content":{"rendered":"\n<p><strong>Fue sorprendido por quien\nreside en el lugar. Luego quiso escaparse de la Polic\u00eda, pero fue encontrado y\ntrasladado a la Comisar\u00eda. <\/strong><\/p>\n\n\n\n<p>El viernes a las 11:45, personal policial de guardia\nse hizo presente en una casa ubicada sobre la calle Rafael N\u00fa\u00f1ez. En el lugar, los\nuniformados entrevistaron al joven (26) con domicilio en la vivienda mencionada\nratificando que, momentos antes, un sujeto (24) habr\u00eda forzado la puerta de\ningreso intentando entrar. &nbsp;<\/p>\n\n\n\n<p>A continuaci\u00f3n, y con datos aportados por la v\u00edctima, la polic\u00eda recorri\u00f3 el sector, interceptando entre calles Jos\u00e9 A. Vocos y Modesto Maranzana, al sujeto buscado quien, al percatarse de la presencia de los m\u00f3viles intent\u00f3 darse a la fuga, no logrando su cometido, siendo aprehendido y trasladado hacia la Comisar\u00eda, donde lo identificaron.<\/p>\n\n\n\n<p>Luego, el procedimiento fue entregado en la Unidad Judicial y el masculino permaneci\u00f3 alojado a disposici\u00f3n de la Fiscal\u00eda de Instrucci\u00f3n local.<\/p>\n\n\n\n<p>Fuente: informe del comisario Cl\u00e9ver Salguero.<\/p>\n\n\n\n<p>Foto de archivo, a modo ilustrativo.<\/p>\n","protected":false},"excerpt":{"rendered":"<p>Fue sorprendido por quien reside en el lugar. Luego quiso escaparse de la Polic\u00eda, pero fue encontrado y trasladado a&hellip;<\/p>\n","protected":false},"author":3,"featured_media":2727,"comment_status":"closed","ping_status":"open","sticky":false,"template":"","format":"standard","meta":{"footnotes":""},"categories":[824],"tags":[66,67,836,270,285,572,635,637,638,825],"class_list":["post-3507","post","type-post","status-publish","format-standard","has-post-thumbnail","hentry","category-policiales-online","tag-arroyito","tag-arroyito-cordoba","tag-arroyito-online","tag-delito","tag-detencion","tag-noticias-de-arroyito-y-zona","tag-policia","tag-policiales","tag-policiales-arroyito","tag-policiales-online"],"_links":{"self":[{"href":"https:\/\/arroyitoonline.com.ar\/index.php?rest_route=\/wp\/v2\/posts\/3507","targetHints":{"allow":["GET"]}}],"collection":[{"href":"https:\/\/arroyitoonline.com.ar\/index.php?rest_route=\/wp\/v2\/posts"}],"about":[{"href":"https:\/\/arroyitoonline.com.ar\/index.php?rest_route=\/wp\/v2\/types\/post"}],"author":[{"embeddable":true,"href":"https:\/\/arroyitoonline.com.ar\/index.php?rest_route=\/wp\/v2\/users\/3"}],"replies":[{"embeddable":true,"href":"https:\/\/arroyitoonline.com.ar\/index.php?rest_route=%2Fwp%2Fv2%2Fcomments&post=3507"}],"version-history":[{"count":1,"href":"https:\/\/arroyitoonline.com.ar\/index.php?rest_route=\/wp\/v2\/posts\/3507\/revisions"}],"predecessor-version":[{"id":3508,"href":"https:\/\/arroyitoonline.com.ar\/index.php?rest_route=\/wp\/v2\/posts\/3507\/revisions\/3508"}],"wp:featuredmedia":[{"embeddable":true,"href":"https:\/\/arroyitoonline.com.ar\/index.php?rest_route=\/wp\/v2\/media\/2727"}],"wp:attachment":[{"href":"https:\/\/arroyitoonline.com.ar\/index.php?rest_route=%2Fwp%2Fv2%2Fmedia&parent=3507"}],"wp:term":[{"taxonomy":"category","embeddable":true,"href":"https:\/\/arroyitoonline.com.ar\/index.php?rest_route=%2Fwp%2Fv2%2Fcategories&post=3507"},{"taxonomy":"post_tag","embeddable":true,"href":"https:\/\/arroyitoonline.com.ar\/index.php?rest_route=%2Fwp%2Fv2%2Ftags&post=3507"}],"curies":[{"name":"wp","href":"https:\/\/api.w.org\/{rel}","templated":true}]}}