{"id":3511,"date":"2019-04-29T19:34:29","date_gmt":"2019-04-29T19:34:29","guid":{"rendered":"http:\/\/arroyitoonline.com.ar\/?p=3511"},"modified":"2019-04-29T19:34:30","modified_gmt":"2019-04-29T19:34:30","slug":"joven-motociclista-y-su-acompanante-resultaron-heridos-tras-chocar-con-un-auto","status":"publish","type":"post","link":"https:\/\/arroyitoonline.com.ar\/?p=3511","title":{"rendered":"Joven motociclista y su acompa\u00f1ante resultaron heridos tras chocar con un auto"},"content":{"rendered":"\n<p><strong>Tanto el conductor como la\nchica que iba detr\u00e1s tienen 19 a\u00f1os. Fueron trasladados al hospital local. <\/strong><\/p>\n\n\n\n<p>Ayer a las 17:30 horas, un hombre (74) \u2013con domicilio\nen Colonia Tirolesa- conduc\u00eda su veh\u00edculo marca VW Gol de color gris, con\nsentido de oeste a este por calle Belgrano.<\/p>\n\n\n\n<p>Cuando lleg\u00f3 a la intersecci\u00f3n con Rivadavia, por\ncausas que tratan de establecerse, el veh\u00edculo fue colisionado por una moto\nHonda Tit\u00e1n CG 150 ocupada por dos j\u00f3venes de Arroyito, ambos de 19 a\u00f1os. <\/p>\n\n\n\n<p>Se hizo presente en el lugar, el servicio de\nemergencia, que traslad\u00f3 a los ocupantes del rodado menor al Hospital Municipal\nlocal, donde fueron asistidos por personal m\u00e9dico. El chico fue diagnosticado\ncon fractura expuesta de f\u00e9mur en su pierna derecha y la chica con\npolitraumatismo leve.<\/p>\n\n\n\n<p>Fuente: informe del comisario Clever Salguero. <\/p>\n\n\n\n<p>La foto es gentileza de <strong>FM OK 95.5 Arroyito<\/strong>. Agradecemos a Diego Griffa. <\/p>\n","protected":false},"excerpt":{"rendered":"<p>Tanto el conductor como la chica que iba detr\u00e1s tienen 19 a\u00f1os. Fueron trasladados al hospital local. Ayer a las&hellip;<\/p>\n","protected":false},"author":3,"featured_media":3512,"comment_status":"closed","ping_status":"open","sticky":false,"template":"","format":"standard","meta":{"footnotes":""},"categories":[824],"tags":[22,66,67,836,572,635,637,638,825,737,771],"class_list":["post-3511","post","type-post","status-publish","format-standard","has-post-thumbnail","hentry","category-policiales-online","tag-accidente","tag-arroyito","tag-arroyito-cordoba","tag-arroyito-online","tag-noticias-de-arroyito-y-zona","tag-policia","tag-policiales","tag-policiales-arroyito","tag-policiales-online","tag-siniestro-vial","tag-transito"],"_links":{"self":[{"href":"https:\/\/arroyitoonline.com.ar\/index.php?rest_route=\/wp\/v2\/posts\/3511","targetHints":{"allow":["GET"]}}],"collection":[{"href":"https:\/\/arroyitoonline.com.ar\/index.php?rest_route=\/wp\/v2\/posts"}],"about":[{"href":"https:\/\/arroyitoonline.com.ar\/index.php?rest_route=\/wp\/v2\/types\/post"}],"author":[{"embeddable":true,"href":"https:\/\/arroyitoonline.com.ar\/index.php?rest_route=\/wp\/v2\/users\/3"}],"replies":[{"embeddable":true,"href":"https:\/\/arroyitoonline.com.ar\/index.php?rest_route=%2Fwp%2Fv2%2Fcomments&post=3511"}],"version-history":[{"count":1,"href":"https:\/\/arroyitoonline.com.ar\/index.php?rest_route=\/wp\/v2\/posts\/3511\/revisions"}],"predecessor-version":[{"id":3513,"href":"https:\/\/arroyitoonline.com.ar\/index.php?rest_route=\/wp\/v2\/posts\/3511\/revisions\/3513"}],"wp:featuredmedia":[{"embeddable":true,"href":"https:\/\/arroyitoonline.com.ar\/index.php?rest_route=\/wp\/v2\/media\/3512"}],"wp:attachment":[{"href":"https:\/\/arroyitoonline.com.ar\/index.php?rest_route=%2Fwp%2Fv2%2Fmedia&parent=3511"}],"wp:term":[{"taxonomy":"category","embeddable":true,"href":"https:\/\/arroyitoonline.com.ar\/index.php?rest_route=%2Fwp%2Fv2%2Fcategories&post=3511"},{"taxonomy":"post_tag","embeddable":true,"href":"https:\/\/arroyitoonline.com.ar\/index.php?rest_route=%2Fwp%2Fv2%2Ftags&post=3511"}],"curies":[{"name":"wp","href":"https:\/\/api.w.org\/{rel}","templated":true}]}}