{"id":3514,"date":"2019-04-26T20:18:47","date_gmt":"2019-04-26T20:18:47","guid":{"rendered":"http:\/\/arroyitoonline.com.ar\/?p=3514"},"modified":"2019-04-29T20:19:05","modified_gmt":"2019-04-29T20:19:05","slug":"con-eje-en-el-teatro-y-la-psicologia-se-conmemoro-un-nuevo-dia-naranja","status":"publish","type":"post","link":"https:\/\/arroyitoonline.com.ar\/?p=3514","title":{"rendered":"Con eje en el teatro y la psicolog\u00eda, se conmemor\u00f3 un nuevo D\u00eda Naranja"},"content":{"rendered":"\n<p><strong>Con interpretaci\u00f3n de dos sketchs y una charla, el Consejo Municipal de la Mujer puso de manifiesto el machismo que se percibe y naturaliza en la sociedad. <\/strong><\/p>\n\n\n\n<p>El mi\u00e9rcoles 24 de abril, en el Club de Abuelos, el Consejo Municipal de la Mujer desarroll\u00f3 el evento conmemorativo al D\u00eda Naranja (prevenci\u00f3n de la violencia contra las mujeres).<\/p>\n\n\n\n<p>La charla fue coordinada por la psic\u00f3loga Magal\u00ed Ledesma y, en esta oportunidad, cont\u00f3 con la intervenci\u00f3n del Taller de teatro para Adultos dirigido por Ayel\u00e9n Juan.<\/p>\n\n\n\n<p>La actividad present\u00f3 una novedosa din\u00e1mica, con la ejecuci\u00f3n de dos sketchs alusivos. Por un lado, La tana, interpretado por Olga Salvatori, y por el otro, la obra Los Novios, actuada por Rosa Gigena, &#8220;Chala&#8221; Soldavini y Luc\u00eda Ludue\u00f1a.<\/p>\n\n\n\n<p>El tema central de la presentaci\u00f3n fue el marcado machismo que se percibe y naturaliza en nuestra sociedad, abordado por la profesional miembro del Consejo de la Mujer y a trav\u00e9s de un debate con el p\u00fablico que, de manera muy participativa, hizo la correspondiente devoluci\u00f3n sobre lo observado arriba del escenario, dando su aprobaci\u00f3n a esta nueva manera de tratar una tem\u00e1tica que nos involucra y preocupa a todos.<\/p>\n\n\n\n<p>En la ocasi\u00f3n estuvieron presentes la concejala Carolina Ciancia, la coordinadora del Consejo de la Mujer Edith Brav\u00edn e integrantes del grupo, la trabajadora Social Soledad Castillo, referentes de diferentes instituciones locales y p\u00fablico en general.<\/p>\n\n\n\n<p>Fuente: Prensa Municipal. <\/p>\n\n\n\n<p>Fotos Gentileza: de Marcela Gallardo<\/p>\n","protected":false},"excerpt":{"rendered":"<p>Con interpretaci\u00f3n de dos sketchs y una charla, el Consejo Municipal de la Mujer puso de manifiesto el machismo que&hellip;<\/p>\n","protected":false},"author":3,"featured_media":3515,"comment_status":"closed","ping_status":"open","sticky":false,"template":"","format":"standard","meta":{"footnotes":""},"categories":[877],"tags":[66,67,836,232,551,878,572,650,756,808,809],"class_list":["post-3514","post","type-post","status-publish","format-standard","has-post-thumbnail","hentry","category-noti-mujer-online","tag-arroyito","tag-arroyito-cordoba","tag-arroyito-online","tag-consejo-de-la-mujer","tag-mujeres-arroyito","tag-noti-mujer-online","tag-noticias-de-arroyito-y-zona","tag-prevencion","tag-teatro","tag-violencia","tag-violencia-de-genero"],"_links":{"self":[{"href":"https:\/\/arroyitoonline.com.ar\/index.php?rest_route=\/wp\/v2\/posts\/3514","targetHints":{"allow":["GET"]}}],"collection":[{"href":"https:\/\/arroyitoonline.com.ar\/index.php?rest_route=\/wp\/v2\/posts"}],"about":[{"href":"https:\/\/arroyitoonline.com.ar\/index.php?rest_route=\/wp\/v2\/types\/post"}],"author":[{"embeddable":true,"href":"https:\/\/arroyitoonline.com.ar\/index.php?rest_route=\/wp\/v2\/users\/3"}],"replies":[{"embeddable":true,"href":"https:\/\/arroyitoonline.com.ar\/index.php?rest_route=%2Fwp%2Fv2%2Fcomments&post=3514"}],"version-history":[{"count":1,"href":"https:\/\/arroyitoonline.com.ar\/index.php?rest_route=\/wp\/v2\/posts\/3514\/revisions"}],"predecessor-version":[{"id":3516,"href":"https:\/\/arroyitoonline.com.ar\/index.php?rest_route=\/wp\/v2\/posts\/3514\/revisions\/3516"}],"wp:featuredmedia":[{"embeddable":true,"href":"https:\/\/arroyitoonline.com.ar\/index.php?rest_route=\/wp\/v2\/media\/3515"}],"wp:attachment":[{"href":"https:\/\/arroyitoonline.com.ar\/index.php?rest_route=%2Fwp%2Fv2%2Fmedia&parent=3514"}],"wp:term":[{"taxonomy":"category","embeddable":true,"href":"https:\/\/arroyitoonline.com.ar\/index.php?rest_route=%2Fwp%2Fv2%2Fcategories&post=3514"},{"taxonomy":"post_tag","embeddable":true,"href":"https:\/\/arroyitoonline.com.ar\/index.php?rest_route=%2Fwp%2Fv2%2Ftags&post=3514"}],"curies":[{"name":"wp","href":"https:\/\/api.w.org\/{rel}","templated":true}]}}