{"id":3518,"date":"2019-05-01T18:22:20","date_gmt":"2019-05-01T18:22:20","guid":{"rendered":"http:\/\/arroyitoonline.com.ar\/?p=3518"},"modified":"2019-05-01T18:22:21","modified_gmt":"2019-05-01T18:22:21","slug":"nacio-camilo-ibanez-septimo-hijo-varon-consecutivo-y-espera-el-padrinazgo-de-macri","status":"publish","type":"post","link":"https:\/\/arroyitoonline.com.ar\/?p=3518","title":{"rendered":"Naci\u00f3 Camilo Ib\u00e1\u00f1ez, s\u00e9ptimo hijo var\u00f3n consecutivo, y espera el padrinazgo de Macri"},"content":{"rendered":"\n<p><strong>Seg\u00fan public\u00f3 en primicia Ok FM Arroyito, ayer lleg\u00f3 al mundo el hijo de Miguel \u00c1ngel y Ver\u00f3nica Britos, octavo hermano de la familia que reside en Villa Concepci\u00f3n.<\/strong><\/p>\n\n\n\n<p>Ver\u00f3nica Britos y Miguel \u00c1ngel Iba\u00f1ez eran padres de siete hijos, una mujer y seis varones. Ayer a las 16:45, la mujer nativa de Villa Concepci\u00f3n del T\u00edo dio a luz, en una cl\u00ednica c\u00e9ntrica de Arroyito, a su octavo descendiente, otro nene, que se transform\u00f3 en el s\u00e9ptimo hijo consecutivo de ese sexo, por lo que deber\u00eda convertirse en ahijado del presidente Macri. As\u00ed se lo cont\u00f3 la familia a Roberto Bazzi, quien cubri\u00f3 la noticia en primicia para <strong>Ok FM Arroyito<\/strong>. <\/p>\n\n\n\n<p>Esta pr\u00e1ctica se institucionaliz\u00f3 en 1974, a trav\u00e9s de la sanci\u00f3n de la Ley 20.843, que consagra el &#8220;Padrinazgo Presidencial&#8221; para el s\u00e9ptimo hijo del mismo sexo (var\u00f3n o mujer) y otorga al ahijado un aporte econ\u00f3mico anual, una beca, que se ejecuta a trav\u00e9s del Banco de la Naci\u00f3n, y no hay l\u00edmites de edad para solicitarlo. <\/p>\n\n\n\n<p>Esta norma est\u00e1 basada en una tradici\u00f3n rusa que predicaba que el hijo hombre n\u00famero siete se convertir\u00eda en un lobiz\u00f3n y la hija mujer ser\u00eda una bruja, por lo que la forma de que se rompiera este hechizo era con el padrinazgo de los zares.<\/p>\n\n\n\n<p>Camilo fue recibido <em>&#8220;con mucha alegr\u00eda por ser el s\u00e9ptimo var\u00f3n&#8221;<\/em>, seg\u00fan cont\u00f3 su mam\u00e1, que es ama de casa. Por otra parte, su esposo -nativo de Arroyito- se desempe\u00f1a en una metal\u00fargica de la vecina localidad y coment\u00f3 que hablar\u00e1n con el intendente de la Villa y le consultar\u00e1n los pasos que deben seguir para que el beb\u00e9 cuente con el padrinazgo presidencial. <\/p>\n\n\n\n<p>Adem\u00e1s, la familia se mostr\u00f3 agradecida con la m\u00e9dica obstetra Paola S\u00e1nchez, quien atendi\u00f3 el parto. La doctora dijo a Bazzi que fue la primera vez que le toc\u00f3 esta experiencia en Arroyito ratificando que <em>&#8220;yo no lo tomo como un trabajo, a m\u00ed me encanta lo que hago y si volviera a nacer, elegir\u00eda otra vez lo mismo, la misma especialidad&#8221;<\/em>.  <\/p>\n\n\n\n<p>Cabe destacar que el \u00e1rea Padrinazgos Presidenciales atiende las necesidades que presentan los ahijados y, a su vez, todos son visitados por asistentes sociales del Ministerio de Salud y Desarrollo Social con el prop\u00f3sito de que se efect\u00fae un seguimiento en su crianza. <\/p>\n\n\n\n<p>Fuente y foto gentileza Ok FM Arroyito (Diego Griffa y Roberto Bazzi). <\/p>\n","protected":false},"excerpt":{"rendered":"<p>Seg\u00fan public\u00f3 en primicia Ok FM Arroyito, ayer lleg\u00f3 al mundo el hijo de Miguel \u00c1ngel y Ver\u00f3nica Britos, octavo&hellip;<\/p>\n","protected":false},"author":3,"featured_media":3519,"comment_status":"closed","ping_status":"open","sticky":false,"template":"","format":"standard","meta":{"footnotes":""},"categories":[866],"tags":[66,67,836,511,561,572,949,803],"class_list":["post-3518","post","type-post","status-publish","format-standard","has-post-thumbnail","hentry","category-historias-online","tag-arroyito","tag-arroyito-cordoba","tag-arroyito-online","tag-macri","tag-nacimiento","tag-noticias-de-arroyito-y-zona","tag-padrinazgo-presidencial","tag-villa-concepcion-del-tio"],"_links":{"self":[{"href":"https:\/\/arroyitoonline.com.ar\/index.php?rest_route=\/wp\/v2\/posts\/3518","targetHints":{"allow":["GET"]}}],"collection":[{"href":"https:\/\/arroyitoonline.com.ar\/index.php?rest_route=\/wp\/v2\/posts"}],"about":[{"href":"https:\/\/arroyitoonline.com.ar\/index.php?rest_route=\/wp\/v2\/types\/post"}],"author":[{"embeddable":true,"href":"https:\/\/arroyitoonline.com.ar\/index.php?rest_route=\/wp\/v2\/users\/3"}],"replies":[{"embeddable":true,"href":"https:\/\/arroyitoonline.com.ar\/index.php?rest_route=%2Fwp%2Fv2%2Fcomments&post=3518"}],"version-history":[{"count":1,"href":"https:\/\/arroyitoonline.com.ar\/index.php?rest_route=\/wp\/v2\/posts\/3518\/revisions"}],"predecessor-version":[{"id":3520,"href":"https:\/\/arroyitoonline.com.ar\/index.php?rest_route=\/wp\/v2\/posts\/3518\/revisions\/3520"}],"wp:featuredmedia":[{"embeddable":true,"href":"https:\/\/arroyitoonline.com.ar\/index.php?rest_route=\/wp\/v2\/media\/3519"}],"wp:attachment":[{"href":"https:\/\/arroyitoonline.com.ar\/index.php?rest_route=%2Fwp%2Fv2%2Fmedia&parent=3518"}],"wp:term":[{"taxonomy":"category","embeddable":true,"href":"https:\/\/arroyitoonline.com.ar\/index.php?rest_route=%2Fwp%2Fv2%2Fcategories&post=3518"},{"taxonomy":"post_tag","embeddable":true,"href":"https:\/\/arroyitoonline.com.ar\/index.php?rest_route=%2Fwp%2Fv2%2Ftags&post=3518"}],"curies":[{"name":"wp","href":"https:\/\/api.w.org\/{rel}","templated":true}]}}