{"id":3524,"date":"2019-04-27T13:54:01","date_gmt":"2019-04-27T13:54:01","guid":{"rendered":"http:\/\/arroyitoonline.com.ar\/?p=3524"},"modified":"2019-05-02T02:04:04","modified_gmt":"2019-05-02T02:04:04","slug":"el-municipio-entrego-banderas-de-arroyito-a-jardines-de-infantes","status":"publish","type":"post","link":"https:\/\/arroyitoonline.com.ar\/?p=3524","title":{"rendered":"El Municipio entreg\u00f3 Banderas de Arroyito a los Jardines de Infantes"},"content":{"rendered":"\n<p><strong>El Inicial era el \u00fanico nivel educativo al que la administraci\u00f3n municipal a\u00fan no hab\u00eda otorgado la ense\u00f1a de ceremonias. Tambi\u00e9n se incluy\u00f3 al CANF Virgen Ni\u00f1a. <\/strong><\/p>\n\n\n\n<p>El jueves 25, en el Auditorio Coral, se realiz\u00f3 un sencillo pero emotivo acto de entrega de la Bandera de Arroyito a todos los Jardines de Infantes y al Centro de Apoyo y la Familia (CANF) Virgen Ni\u00f1a.<\/p>\n\n\n\n<p><em>&#8220;Este era un deseo pendiente del Ejecutivo, el de entregar a los centros educativos del Nivel Inicial esta Bandera para ser utilizada en el acto del 25 de Mayo&#8221;<\/em>, se\u00f1alaron desde el Ejecutivo.<\/p>\n\n\n\n<p>En la oportunidad estuvieron presentes el intendente Mauricio Cravero, el secretario de Obras P\u00fablicas Daniel Lafarina, la directora de la Biblioteca Municipal Popular Almafuerte Norma Ferreyra, la directora de Cultura Viviana Sam Sam, los miembros del Jurado del Concurso de la Bandera Oficial de nuestra ciudad, Ana Pizzi, Guillermina Radici, Mariano Ciancia y el ganador y creador de la ense\u00f1a local Wilson Ferreyra. En la ocasi\u00f3n, el artista hizo una exposici\u00f3n del proceso de la creaci\u00f3n de la bandera, con un emotivo y ameno discurso. <\/p>\n\n\n\n<p><em>&#8220;Estos espacios donde se crean lazos y vivencias entre los distintos actores de la sociedad son el soporte esencial de una buena gesti\u00f3n que cumple&#8221;<\/em>, finalizaron desde la actual administraci\u00f3n. <\/p>\n\n\n\n<p>Fuente: Prensa Municipal. <\/p>\n","protected":false},"excerpt":{"rendered":"<p>El Inicial era el \u00fanico nivel educativo al que la administraci\u00f3n municipal a\u00fan no hab\u00eda otorgado la ense\u00f1a de ceremonias.&hellip;<\/p>\n","protected":false},"author":3,"featured_media":3526,"comment_status":"closed","ping_status":"open","sticky":false,"template":"","format":"standard","meta":{"footnotes":""},"categories":[830],"tags":[66,67,836,100,310,465,868,555,556,572],"class_list":["post-3524","post","type-post","status-publish","format-standard","has-post-thumbnail","hentry","category-educacion-online","tag-arroyito","tag-arroyito-cordoba","tag-arroyito-online","tag-bandera","tag-educacion","tag-jardin-de-infantes","tag-municipales-online","tag-municipalidad","tag-municipalidad-de-arroyito","tag-noticias-de-arroyito-y-zona"],"_links":{"self":[{"href":"https:\/\/arroyitoonline.com.ar\/index.php?rest_route=\/wp\/v2\/posts\/3524","targetHints":{"allow":["GET"]}}],"collection":[{"href":"https:\/\/arroyitoonline.com.ar\/index.php?rest_route=\/wp\/v2\/posts"}],"about":[{"href":"https:\/\/arroyitoonline.com.ar\/index.php?rest_route=\/wp\/v2\/types\/post"}],"author":[{"embeddable":true,"href":"https:\/\/arroyitoonline.com.ar\/index.php?rest_route=\/wp\/v2\/users\/3"}],"replies":[{"embeddable":true,"href":"https:\/\/arroyitoonline.com.ar\/index.php?rest_route=%2Fwp%2Fv2%2Fcomments&post=3524"}],"version-history":[{"count":2,"href":"https:\/\/arroyitoonline.com.ar\/index.php?rest_route=\/wp\/v2\/posts\/3524\/revisions"}],"predecessor-version":[{"id":3528,"href":"https:\/\/arroyitoonline.com.ar\/index.php?rest_route=\/wp\/v2\/posts\/3524\/revisions\/3528"}],"wp:featuredmedia":[{"embeddable":true,"href":"https:\/\/arroyitoonline.com.ar\/index.php?rest_route=\/wp\/v2\/media\/3526"}],"wp:attachment":[{"href":"https:\/\/arroyitoonline.com.ar\/index.php?rest_route=%2Fwp%2Fv2%2Fmedia&parent=3524"}],"wp:term":[{"taxonomy":"category","embeddable":true,"href":"https:\/\/arroyitoonline.com.ar\/index.php?rest_route=%2Fwp%2Fv2%2Fcategories&post=3524"},{"taxonomy":"post_tag","embeddable":true,"href":"https:\/\/arroyitoonline.com.ar\/index.php?rest_route=%2Fwp%2Fv2%2Ftags&post=3524"}],"curies":[{"name":"wp","href":"https:\/\/api.w.org\/{rel}","templated":true}]}}