{"id":3532,"date":"2019-05-02T02:36:29","date_gmt":"2019-05-02T02:36:29","guid":{"rendered":"http:\/\/arroyitoonline.com.ar\/?p=3532"},"modified":"2019-05-02T02:39:29","modified_gmt":"2019-05-02T02:39:29","slug":"se-viene-el-ciclo-cultural-valorizando-quienes-somos-cultura-y-arte","status":"publish","type":"post","link":"https:\/\/arroyitoonline.com.ar\/?p=3532","title":{"rendered":"Se viene el Ciclo Cultural: Valorizando Quienes Somos, Cultura y Arte"},"content":{"rendered":"\n<p><strong>Se trata de actividades promovidas por el Museo Municipal Jos\u00e9 D. Mercado, que contar\u00e1n con certificados extendidos por la Universidad Popular de C\u00f3rdoba y la Municipalidad.<\/strong><\/p>\n\n\n\n<p>Entre el jueves 2 y el viernes 24 de mayo pr\u00f3ximos, en el Museo Hist\u00f3rico Municipal Jos\u00e9 Domingo Mercado, se desarrollar\u00e1 el Ciclo Cultural Valorizando Quienes Somos: pueblo, cultura y arte. A continuaci\u00f3n, el completo cronograma de actividades:<\/p>\n\n\n\n<p><strong>Jueves 2:<\/strong><\/p>\n\n\n\n<p>19:00 horas \u2013 Presentaci\u00f3n del Ciclo Valorizando Quienes Somos. Pueblo, cultura y arte.<\/p>\n\n\n\n<p>Conversatorio: \u201cHistoria Escrita en los Huesos\u201d \u2013 \u201cSobre la vida y la muerte de los antiguos pobladores de la Laguna Mar Chiquita: aportes a partir del estudio de restos humanos\u201d. A cargo de Jos\u00e9 Luis Giraudo, miembro del equipo del Programa Arqueolog\u00eda P\u00fablica y Coordinador del \u00c1rea de Arqueolog\u00eda de APHA (La Para).<\/p>\n\n\n\n<figure class=\"wp-block-image\"><img loading=\"lazy\" decoding=\"async\" width=\"719\" height=\"1024\" src=\"http:\/\/arroyitoonline.com.ar\/wp-content\/uploads\/2019\/05\/pueblo-cultura-arte-719x1024.jpg\" alt=\"\" class=\"wp-image-3533\" srcset=\"https:\/\/arroyitoonline.com.ar\/wp-content\/uploads\/2019\/05\/pueblo-cultura-arte-719x1024.jpg 719w, https:\/\/arroyitoonline.com.ar\/wp-content\/uploads\/2019\/05\/pueblo-cultura-arte-211x300.jpg 211w, https:\/\/arroyitoonline.com.ar\/wp-content\/uploads\/2019\/05\/pueblo-cultura-arte-768x1093.jpg 768w, https:\/\/arroyitoonline.com.ar\/wp-content\/uploads\/2019\/05\/pueblo-cultura-arte.jpg 800w\" sizes=\"auto, (max-width: 719px) 100vw, 719px\" \/><\/figure>\n\n\n\n<p><strong>Domingo 5:<\/strong><\/p>\n\n\n\n<p>15:30 horas \u2013 \u201cD\u00eda De Los Monumentos Nacionales\u201d \u2013 un viaje a trav\u00e9s de la historia, recorriendo nuestro museo con m\u00fasica, relatos y danza.<\/p>\n\n\n\n<p><strong>Jueves 9:<\/strong><\/p>\n\n\n\n<p>14:00 horas \u2013 Conversatorio sobre pueblos originarios en colegios secundarios.<\/p>\n\n\n\n<p>19:00 horas \u2013 Conversatorio: \u201cIdentidad Cultural y Continuidad. Ind\u00edgenas Hoy\u201d \u2013 A cargo del Prof. Cristian Bustos Charava de la Comunidad Mampasacat del pueblo Sanavir\u00f3n (San Jos\u00e9 de la Dormida).<\/p>\n\n\n\n<p><strong>S\u00e1bado 18:<\/strong><\/p>\n\n\n\n<p>15:30 horas \u2013 D\u00eda Internacional de los Museos \u2013 \u201cEncuentro de Coleccionistas 2019\u201d.<\/p>\n\n\n\n<p><strong>Viernes 24:<\/strong><\/p>\n\n\n\n<p>15:00 horas \u2013 Arte originario \u2013 Taller Tejidos Artesanales \u2013 a cargo de la Artesana Liliana Levita (Arroyito).<\/p>\n\n\n\n<p>20:00 horas \u2013 Entrega de escarapelas en el atrio del Templo Parroquial Nuestra Se\u00f1ora de la Merced.<\/p>\n\n\n\n<p>Por inscripciones deber\u00e1n dirigirse de manera personal al Museo \u2013San Mart\u00edn 412-, o de manera telef\u00f3nica: (03576) 15467890 \/ 15481789.<\/p>\n\n\n\n<p>Se contar\u00e1 con la entrega de certificados extendidos por la Universidad Popular de C\u00f3rdoba y la Municipalidad de la Ciudad de Arroyito (uno por evento).<\/p>\n\n\n\n<p>Fuente: Prensa Municipal. <\/p>\n","protected":false},"excerpt":{"rendered":"<p>Se trata de actividades promovidas por el Museo Municipal Jos\u00e9 D. Mercado, que contar\u00e1n con certificados extendidos por la Universidad&hellip;<\/p>\n","protected":false},"author":3,"featured_media":3534,"comment_status":"closed","ping_status":"open","sticky":false,"template":"","format":"standard","meta":{"footnotes":""},"categories":[2],"tags":[66,67,836,70,259,864,930,572],"class_list":["post-3532","post","type-post","status-publish","format-standard","has-post-thumbnail","hentry","category-cultura-y-espectaculos","tag-arroyito","tag-arroyito-cordoba","tag-arroyito-online","tag-arte","tag-cultura","tag-cultura-y-espectaculos-online","tag-museo-historico-municipal-jose-domingo-mercado","tag-noticias-de-arroyito-y-zona"],"_links":{"self":[{"href":"https:\/\/arroyitoonline.com.ar\/index.php?rest_route=\/wp\/v2\/posts\/3532","targetHints":{"allow":["GET"]}}],"collection":[{"href":"https:\/\/arroyitoonline.com.ar\/index.php?rest_route=\/wp\/v2\/posts"}],"about":[{"href":"https:\/\/arroyitoonline.com.ar\/index.php?rest_route=\/wp\/v2\/types\/post"}],"author":[{"embeddable":true,"href":"https:\/\/arroyitoonline.com.ar\/index.php?rest_route=\/wp\/v2\/users\/3"}],"replies":[{"embeddable":true,"href":"https:\/\/arroyitoonline.com.ar\/index.php?rest_route=%2Fwp%2Fv2%2Fcomments&post=3532"}],"version-history":[{"count":2,"href":"https:\/\/arroyitoonline.com.ar\/index.php?rest_route=\/wp\/v2\/posts\/3532\/revisions"}],"predecessor-version":[{"id":3536,"href":"https:\/\/arroyitoonline.com.ar\/index.php?rest_route=\/wp\/v2\/posts\/3532\/revisions\/3536"}],"wp:featuredmedia":[{"embeddable":true,"href":"https:\/\/arroyitoonline.com.ar\/index.php?rest_route=\/wp\/v2\/media\/3534"}],"wp:attachment":[{"href":"https:\/\/arroyitoonline.com.ar\/index.php?rest_route=%2Fwp%2Fv2%2Fmedia&parent=3532"}],"wp:term":[{"taxonomy":"category","embeddable":true,"href":"https:\/\/arroyitoonline.com.ar\/index.php?rest_route=%2Fwp%2Fv2%2Fcategories&post=3532"},{"taxonomy":"post_tag","embeddable":true,"href":"https:\/\/arroyitoonline.com.ar\/index.php?rest_route=%2Fwp%2Fv2%2Ftags&post=3532"}],"curies":[{"name":"wp","href":"https:\/\/api.w.org\/{rel}","templated":true}]}}