{"id":3537,"date":"2019-04-30T14:41:44","date_gmt":"2019-04-30T14:41:44","guid":{"rendered":"http:\/\/arroyitoonline.com.ar\/?p=3537"},"modified":"2019-05-02T02:54:19","modified_gmt":"2019-05-02T02:54:19","slug":"la-banda-sinfonica-gestiono-nuevos-instrumentos","status":"publish","type":"post","link":"https:\/\/arroyitoonline.com.ar\/?p=3537","title":{"rendered":"La Banda Sinf\u00f3nica gestion\u00f3 nuevos instrumentos"},"content":{"rendered":"\n<p><strong>Fue el \u00fanico elenco de la provincia, que consigui\u00f3 la donaci\u00f3n de dos timbales sinf\u00f3nicos, por parte del gobierno de C\u00f3rdoba.<\/strong><\/p>\n\n\n\n<p>El pasado viernes 26, el director de la Banda Sinf\u00f3nica Municipal Gerardo Lemos, y los profesores Luis N\u00fa\u00f1ez y Braian Taborda, participaron del acto de entrega de instrumentos en la Casa de Gobierno Provincial.<\/p>\n\n\n\n<p>Despu\u00e9s de una larga gesti\u00f3n ante C\u00f3rdoba Cultura a trav\u00e9s del programa Aplaudamos las Bandas, el elenco de Arroyito consigui\u00f3 la donaci\u00f3n de dos timbales sinf\u00f3nicos. Cabe destacar que la Banda local fue la \u00fanica a nivel provincial que consigui\u00f3 estos instrumentos, que son de los m\u00e1s costosos. <\/p>\n\n\n\n<p>Desde los pr\u00f3ximos conciertos, el elenco utilizar\u00e1 sus cuatro timbales, ya que, antes de esta gesti\u00f3n, se pose\u00edan dos, los cuales se hab\u00edan comprado hace ya tres a\u00f1os, con un gran esfuerzo realizado en conjunto por el Municipio y la\u00a0Comisi\u00f3n de padres.<\/p>\n\n\n\n<p>Fuente: Prensa Municipal. <\/p>\n","protected":false},"excerpt":{"rendered":"<p>Fue el \u00fanico elenco de la provincia, que consigui\u00f3 la donaci\u00f3n de dos timbales sinf\u00f3nicos, por parte del gobierno de&hellip;<\/p>\n","protected":false},"author":3,"featured_media":3538,"comment_status":"closed","ping_status":"open","sticky":false,"template":"","format":"standard","meta":{"footnotes":""},"categories":[2],"tags":[66,67,836,98,99,259,864,341,555,556,559,572],"class_list":["post-3537","post","type-post","status-publish","format-standard","has-post-thumbnail","hentry","category-cultura-y-espectaculos","tag-arroyito","tag-arroyito-cordoba","tag-arroyito-online","tag-banda-municipal","tag-banda-sinfonica","tag-cultura","tag-cultura-y-espectaculos-online","tag-escuela-de-musica","tag-municipalidad","tag-municipalidad-de-arroyito","tag-musica","tag-noticias-de-arroyito-y-zona"],"_links":{"self":[{"href":"https:\/\/arroyitoonline.com.ar\/index.php?rest_route=\/wp\/v2\/posts\/3537","targetHints":{"allow":["GET"]}}],"collection":[{"href":"https:\/\/arroyitoonline.com.ar\/index.php?rest_route=\/wp\/v2\/posts"}],"about":[{"href":"https:\/\/arroyitoonline.com.ar\/index.php?rest_route=\/wp\/v2\/types\/post"}],"author":[{"embeddable":true,"href":"https:\/\/arroyitoonline.com.ar\/index.php?rest_route=\/wp\/v2\/users\/3"}],"replies":[{"embeddable":true,"href":"https:\/\/arroyitoonline.com.ar\/index.php?rest_route=%2Fwp%2Fv2%2Fcomments&post=3537"}],"version-history":[{"count":1,"href":"https:\/\/arroyitoonline.com.ar\/index.php?rest_route=\/wp\/v2\/posts\/3537\/revisions"}],"predecessor-version":[{"id":3539,"href":"https:\/\/arroyitoonline.com.ar\/index.php?rest_route=\/wp\/v2\/posts\/3537\/revisions\/3539"}],"wp:featuredmedia":[{"embeddable":true,"href":"https:\/\/arroyitoonline.com.ar\/index.php?rest_route=\/wp\/v2\/media\/3538"}],"wp:attachment":[{"href":"https:\/\/arroyitoonline.com.ar\/index.php?rest_route=%2Fwp%2Fv2%2Fmedia&parent=3537"}],"wp:term":[{"taxonomy":"category","embeddable":true,"href":"https:\/\/arroyitoonline.com.ar\/index.php?rest_route=%2Fwp%2Fv2%2Fcategories&post=3537"},{"taxonomy":"post_tag","embeddable":true,"href":"https:\/\/arroyitoonline.com.ar\/index.php?rest_route=%2Fwp%2Fv2%2Ftags&post=3537"}],"curies":[{"name":"wp","href":"https:\/\/api.w.org\/{rel}","templated":true}]}}