{"id":3540,"date":"2019-05-02T14:13:14","date_gmt":"2019-05-02T14:13:14","guid":{"rendered":"http:\/\/arroyitoonline.com.ar\/?p=3540"},"modified":"2019-05-02T14:13:15","modified_gmt":"2019-05-02T14:13:15","slug":"a-corazon-de-trapo-no-le-cierran-los-numeros-del-abandono","status":"publish","type":"post","link":"https:\/\/arroyitoonline.com.ar\/?p=3540","title":{"rendered":"A Coraz\u00f3n de Trapo no le cierran los n\u00fameros del abandono"},"content":{"rendered":"\n<p><strong>Se conoci\u00f3 el balance de la Asociaci\u00f3n Civil. Los n\u00fameros arrojaron un resultado negativo, que habla de la desidia y la falta de toma de consciencia.\u00a0<\/strong><\/p>\n\n\n\n<p>En las \u00faltimas horas, Coraz\u00f3n de Trapo exhibi\u00f3 su balance econ\u00f3mico trimestral y los n\u00fameros siguen sin cerrarle a la ONG. <\/p>\n\n\n\n<p>A pesar de que sus -pocos- miembros est\u00e1n siempre en movimiento y de la inauguraci\u00f3n del Centro de Zoonosis -que descomprimi\u00f3 bastante el tema de las castraciones-, los gastos derivados del abandono de animales dom\u00e9sticos siempre superan las expectativas.<\/p>\n\n\n\n<p>En tres meses, la Asociaci\u00f3n Civil afront\u00f3 egresos por un total de $132.600, compuestos en su mayor\u00eda por los honorarios veterinarios ($109.700), a los que se suman el balanceado con el que alimentan a animales callejeros o de familias carenciadas ($18.000) y la guarder\u00eda canina ($4.900), ya que no poseen un espacio f\u00edsico propio. <\/p>\n\n\n\n<figure class=\"wp-block-image\"><img loading=\"lazy\" decoding=\"async\" width=\"960\" height=\"960\" src=\"http:\/\/arroyitoonline.com.ar\/wp-content\/uploads\/2019\/05\/coraz\u00f3n-de-trapo.jpg\" alt=\"\" class=\"wp-image-3542\" srcset=\"https:\/\/arroyitoonline.com.ar\/wp-content\/uploads\/2019\/05\/coraz\u00f3n-de-trapo.jpg 960w, https:\/\/arroyitoonline.com.ar\/wp-content\/uploads\/2019\/05\/coraz\u00f3n-de-trapo-150x150.jpg 150w, https:\/\/arroyitoonline.com.ar\/wp-content\/uploads\/2019\/05\/coraz\u00f3n-de-trapo-300x300.jpg 300w, https:\/\/arroyitoonline.com.ar\/wp-content\/uploads\/2019\/05\/coraz\u00f3n-de-trapo-768x768.jpg 768w\" sizes=\"auto, (max-width: 960px) 100vw, 960px\" \/><figcaption><em>El preocupante balance presentado por la Asociaci\u00f3n Civil<\/em><\/figcaption><\/figure>\n\n\n\n<p>Teniendo en cuenta los ingresos del primer trimestre del a\u00f1o, que alcanzan los $112.200, los n\u00fameros del grupo de ayuda a los animales est\u00e1n, una vez m\u00e1s, en rojo. A pesar de la realizaci\u00f3n de un sorteo ($47.200), la venta de pizzas ($4.000), la concreci\u00f3n de la Feria Americana ($7.500) y la colaboraci\u00f3n societaria ($13.500), que se suman a la donaci\u00f3n municipal de $40.000, todav\u00eda deben $20.400.<\/p>\n\n\n\n<p>A la problem\u00e1tica financiera de Coraz\u00f3n de Trapo se agrega la falta de consciencia por parte de la sociedad de Arroyito. Si bien hay un grupo de colaboradores que responden al trabajo y al pedido de ayuda de los voluntarios animalistas, nunca es suficiente cuando se tiene que lidiar con la desconsideraci\u00f3n y la desidia de la mayor\u00eda, en relaci\u00f3n al abandono.<\/p>\n\n\n\n<p>Un llamado a la solidaridad, un grito de auxilio de quienes son la voz de aquellos que no la tienen. Para que reflexionemos y ajercitemos esto de ponernos en el lugar del otro. <\/p>\n\n\n\n<p>Foto solo a modo ilustrativo.<\/p>\n","protected":false},"excerpt":{"rendered":"<p>Se conoci\u00f3 el balance de la Asociaci\u00f3n Civil. Los n\u00fameros arrojaron un resultado negativo, que habla de la desidia y&hellip;<\/p>\n","protected":false},"author":3,"featured_media":3541,"comment_status":"closed","ping_status":"open","sticky":false,"template":"","format":"standard","meta":{"footnotes":""},"categories":[900],"tags":[66,67,836,243,855,572,950],"class_list":["post-3540","post","type-post","status-publish","format-standard","has-post-thumbnail","hentry","category-noticias","tag-arroyito","tag-arroyito-cordoba","tag-arroyito-online","tag-corazon-de-trapo","tag-crisis","tag-noticias-de-arroyito-y-zona","tag-perros-de-la-calle"],"_links":{"self":[{"href":"https:\/\/arroyitoonline.com.ar\/index.php?rest_route=\/wp\/v2\/posts\/3540","targetHints":{"allow":["GET"]}}],"collection":[{"href":"https:\/\/arroyitoonline.com.ar\/index.php?rest_route=\/wp\/v2\/posts"}],"about":[{"href":"https:\/\/arroyitoonline.com.ar\/index.php?rest_route=\/wp\/v2\/types\/post"}],"author":[{"embeddable":true,"href":"https:\/\/arroyitoonline.com.ar\/index.php?rest_route=\/wp\/v2\/users\/3"}],"replies":[{"embeddable":true,"href":"https:\/\/arroyitoonline.com.ar\/index.php?rest_route=%2Fwp%2Fv2%2Fcomments&post=3540"}],"version-history":[{"count":1,"href":"https:\/\/arroyitoonline.com.ar\/index.php?rest_route=\/wp\/v2\/posts\/3540\/revisions"}],"predecessor-version":[{"id":3543,"href":"https:\/\/arroyitoonline.com.ar\/index.php?rest_route=\/wp\/v2\/posts\/3540\/revisions\/3543"}],"wp:featuredmedia":[{"embeddable":true,"href":"https:\/\/arroyitoonline.com.ar\/index.php?rest_route=\/wp\/v2\/media\/3541"}],"wp:attachment":[{"href":"https:\/\/arroyitoonline.com.ar\/index.php?rest_route=%2Fwp%2Fv2%2Fmedia&parent=3540"}],"wp:term":[{"taxonomy":"category","embeddable":true,"href":"https:\/\/arroyitoonline.com.ar\/index.php?rest_route=%2Fwp%2Fv2%2Fcategories&post=3540"},{"taxonomy":"post_tag","embeddable":true,"href":"https:\/\/arroyitoonline.com.ar\/index.php?rest_route=%2Fwp%2Fv2%2Ftags&post=3540"}],"curies":[{"name":"wp","href":"https:\/\/api.w.org\/{rel}","templated":true}]}}