{"id":3553,"date":"2019-05-02T18:30:56","date_gmt":"2019-05-02T18:30:56","guid":{"rendered":"http:\/\/arroyitoonline.com.ar\/?p=3553"},"modified":"2019-05-02T18:31:12","modified_gmt":"2019-05-02T18:31:12","slug":"jose-feulien-sufre-parkinson-y-una-imagen-que-tomo-fue-elegida-entre-2-000-por-la-casa-de-la-fotografia-mundial","status":"publish","type":"post","link":"https:\/\/arroyitoonline.com.ar\/?p=3553","title":{"rendered":"Jos\u00e9 Feuli\u00e9n sufre parkinson y una imagen que tom\u00f3 fue elegida entre 2.000, por la Casa de la Fotograf\u00eda Mundial"},"content":{"rendered":"\n<p><strong>Tiene 48 a\u00f1os, reside en el Hogar Municipal de Ancianos Juan XXIII y fue alumno del fotoperiodista Walter Llanes. \u00a1Bravo, Jos\u00e9!<\/strong><\/p>\n\n\n\n<p>El vecino de\nArroyito <strong>Jos\u00e9 Luis Feuli\u00e9n<\/strong>&nbsp;(48) hace 20 a\u00f1os que sufre <strong>Parkinson<\/strong>.\nA medida que la enfermedad avanz\u00f3, su estado se deterior\u00f3 de manera notable.\nPero esta condici\u00f3n no le resulta un impedimento para que contin\u00fae adelante. <\/p>\n\n\n\n<p>Gracias al tratamiento que sigue, Jos\u00e9 logra tener momentos en los que puede dedicarse a su pasi\u00f3n:\u00a0<strong>la fotograf\u00eda<\/strong>. Hoy est\u00e1 feliz porque una foto que tom\u00f3 este a\u00f1o fue destacada en el grupo de Facebook <strong><a href=\"https:\/\/www.facebook.com\/groups\/visita2\/\">La<\/a><\/strong><a href=\"https:\/\/www.facebook.com\/groups\/visita2\/\">\u00a0<\/a><strong><a href=\"https:\/\/www.facebook.com\/groups\/visita2\/\">Casa de la Fotograf\u00eda Mundial<\/a><\/strong>, integrada por m\u00e1s de 10 mil aficionados de todo el mundo.<\/p>\n\n\n\n<p>La imagen fue tomada en la <a href=\"http:\/\/arroyitoonline.com.ar\/info-online\/infodeporte\/fue-exitosa-la-4a-edicion-del-rally-regional-arroyito\/\">4\u00aa edici\u00f3n del Rally Regional Arroyito<\/a> desarrollada el \u00faltimo fin de semana de marzo pasado, y fue destacada entre unas 2.000 que se hab\u00edan compartido. As\u00ed lo festejaba en su cuenta.<\/p>\n\n\n\n<figure class=\"wp-block-embed-facebook wp-block-embed is-type-rich is-provider-facebook\"><div class=\"wp-block-embed__wrapper\">\nhttps:\/\/www.facebook.com\/joseluis.feulien.1\/posts\/465782943963759\n<\/div><figcaption><em>Jos\u00e9 cont\u00f3 la novedad en su cuenta de Facebook.<\/em><\/figcaption><\/figure>\n\n\n\n<p>La historia de Jos\u00e9 es conmovedora: no s\u00f3lo por la\nenfermedad, sino porque el a\u00f1o pasado su esposa muri\u00f3 y, desde ese momento, su\n\u00fanica hija qued\u00f3 al cuidado de sus abuelos, ya que \u00e9l no puede hacerlo. Hoy\nvive en el Hogar de Ancianos Municipal Juan XXIII, gracias a una ayuda que\ntramit\u00f3.<\/p>\n\n\n\n<p>Muchos de sus d\u00edas los pasa postrado, pero la medicaci\u00f3n le\npermite que dispare su c\u00e1mara, incluso lo cruzamos en varios eventos\ndespuntando su pasi\u00f3n. <em>\u201cLa fotograf\u00eda es lo \u00fanico que lo mantiene en\npie\u201d<\/em>, dice su gran amigo Walter Llanes, hoy encargado de Prensa de\nla Municipalidad de Arroyito y su docente en 2014, cuando Jos\u00e9 curs\u00f3 una de las\nediciones del taller que el fotoperiodista dicta en la Casa de la Cultura. <\/p>\n\n\n\n<p>Walter cont\u00f3 a <strong>El Doce<\/strong> que la lucha de Jos\u00e9 es inmensa y su fuerza muy ejemplificadora. <em>\u201cHa hecho tr\u00e1mites para operarse en Buenos Aires pero la operaci\u00f3n es muy riesgosa. A pesar de todo siempre sigue adelante\u201d<\/em>, dijo conmovido.<\/p>\n\n\n\n<p>Fuente: El Doce.<\/p>\n\n\n\n<p>De portada, la foto elegida. <\/p>\n","protected":false},"excerpt":{"rendered":"<p>Tiene 48 a\u00f1os, reside en el Hogar Municipal de Ancianos Juan XXIII y fue alumno del fotoperiodista Walter Llanes. \u00a1Bravo,&hellip;<\/p>\n","protected":false},"author":3,"featured_media":3555,"comment_status":"closed","ping_status":"open","sticky":false,"template":"","format":"standard","meta":{"footnotes":""},"categories":[2],"tags":[66,67,836,384,385,419,572],"class_list":["post-3553","post","type-post","status-publish","format-standard","has-post-thumbnail","hentry","category-cultura-y-espectaculos","tag-arroyito","tag-arroyito-cordoba","tag-arroyito-online","tag-foto-club-arroyito","tag-fotografia","tag-hogar-de-ancianos","tag-noticias-de-arroyito-y-zona"],"_links":{"self":[{"href":"https:\/\/arroyitoonline.com.ar\/index.php?rest_route=\/wp\/v2\/posts\/3553","targetHints":{"allow":["GET"]}}],"collection":[{"href":"https:\/\/arroyitoonline.com.ar\/index.php?rest_route=\/wp\/v2\/posts"}],"about":[{"href":"https:\/\/arroyitoonline.com.ar\/index.php?rest_route=\/wp\/v2\/types\/post"}],"author":[{"embeddable":true,"href":"https:\/\/arroyitoonline.com.ar\/index.php?rest_route=\/wp\/v2\/users\/3"}],"replies":[{"embeddable":true,"href":"https:\/\/arroyitoonline.com.ar\/index.php?rest_route=%2Fwp%2Fv2%2Fcomments&post=3553"}],"version-history":[{"count":2,"href":"https:\/\/arroyitoonline.com.ar\/index.php?rest_route=\/wp\/v2\/posts\/3553\/revisions"}],"predecessor-version":[{"id":3557,"href":"https:\/\/arroyitoonline.com.ar\/index.php?rest_route=\/wp\/v2\/posts\/3553\/revisions\/3557"}],"wp:featuredmedia":[{"embeddable":true,"href":"https:\/\/arroyitoonline.com.ar\/index.php?rest_route=\/wp\/v2\/media\/3555"}],"wp:attachment":[{"href":"https:\/\/arroyitoonline.com.ar\/index.php?rest_route=%2Fwp%2Fv2%2Fmedia&parent=3553"}],"wp:term":[{"taxonomy":"category","embeddable":true,"href":"https:\/\/arroyitoonline.com.ar\/index.php?rest_route=%2Fwp%2Fv2%2Fcategories&post=3553"},{"taxonomy":"post_tag","embeddable":true,"href":"https:\/\/arroyitoonline.com.ar\/index.php?rest_route=%2Fwp%2Fv2%2Ftags&post=3553"}],"curies":[{"name":"wp","href":"https:\/\/api.w.org\/{rel}","templated":true}]}}