{"id":3558,"date":"2019-05-02T19:24:12","date_gmt":"2019-05-02T19:24:12","guid":{"rendered":"http:\/\/arroyitoonline.com.ar\/?p=3558"},"modified":"2019-05-02T19:24:13","modified_gmt":"2019-05-02T19:24:13","slug":"jose-soldavini-es-el-nuevo-presidente-de-cespal","status":"publish","type":"post","link":"https:\/\/arroyitoonline.com.ar\/?p=3558","title":{"rendered":"Jos\u00e9 Soldavini es el nuevo presidente de Cespal"},"content":{"rendered":"\n<p><strong>El viernes 26 se realiz\u00f3 la Asamblea General Ordinaria de la Cooperativa donde se oficializaron nuevos consejeros. Luego, en la primera reuni\u00f3n designaron\u00a0a\u00a0la\u00a0flamante\u00a0m\u00e1xima\u00a0autoridad.<\/strong><\/p>\n\n\n\n<p>El pasado viernes 26 de abril, Cespal celebr\u00f3 su Asamblea\nGeneral Ordinaria, en el Club de Abuelos de Arroyito. All\u00ed se trataron los\ntemas expuestos en el orden del d\u00eda.&nbsp;<\/p>\n\n\n\n<p>En primer t\u00e9rmino, los delegados presentes (representantes de los asociados de cada distrito) consideraron y aprobaron por unanimidad la Memoria, el Estado de Situaci\u00f3n Patrimonial, el Estado de Resultados y los Cuadros Anexos del Ejercicio Econ\u00f3mico N\u00ba 63 cerrado el 31 de diciembre de 2018. Adem\u00e1s se conocieron los informes del s\u00edndico y del auditor.\u00a0<\/p>\n\n\n\n<p>En segundo lugar, consideraron y autorizaron la baja y exclusi\u00f3n del aporte voluntario de los asociados al Hospital Municipal Carlos J. Rodr\u00edguez, conforme solicitud del Departamento Ejecutivo Municipal.<\/p>\n\n\n\n<p>El tercer t\u00e9rmino renovaron de manera parcial el Consejo de Administraci\u00f3n quedando oficializados\u00a0como\u00a0consejeros titulares: Viviana Irma Romero por el Distrito 1, Zulma Viviana Rosa Giusti por el Distrito 6 y Alan Walter Cioccatto por el Distrito 7.\u00a0 Y como Consejeros Suplentes:\u00a0 Gabriela G\u00f3mez por el Distrito 9,\u00a0 Lucas Oscar Mo por el Distrito 4 y Fernando Hugo Miani por el Distrito 3.<\/p>\n\n\n\n<p>De igual manera se renov\u00f3 la sindicatura suplente siendo designado Juan Alejandro Ludue\u00f1a.<\/p>\n\n\n\n<p>Tambi\u00e9n cabe destacar que, el pasado lunes 29, durante primera reuni\u00f3n del nuevo Consejo de Administraci\u00f3n, sus miembros designaron como flamante presidente a Jos\u00e9 Soldavini (en la foto, tercero de izquierda a derecha), quien cumplir\u00e1 un a\u00f1o de mandato, tal como su antecesor Jorge Brizzio. <\/p>\n","protected":false},"excerpt":{"rendered":"<p>El viernes 26 se realiz\u00f3 la Asamblea General Ordinaria de la Cooperativa donde se oficializaron nuevos consejeros. Luego, en la&hellip;<\/p>\n","protected":false},"author":3,"featured_media":3559,"comment_status":"closed","ping_status":"open","sticky":false,"template":"","format":"standard","meta":{"footnotes":""},"categories":[900],"tags":[66,67,836,74,183,240,571,572],"class_list":["post-3558","post","type-post","status-publish","format-standard","has-post-thumbnail","hentry","category-noticias","tag-arroyito","tag-arroyito-cordoba","tag-arroyito-online","tag-asamblea","tag-cespal","tag-cooperativa","tag-noticia","tag-noticias-de-arroyito-y-zona"],"_links":{"self":[{"href":"https:\/\/arroyitoonline.com.ar\/index.php?rest_route=\/wp\/v2\/posts\/3558","targetHints":{"allow":["GET"]}}],"collection":[{"href":"https:\/\/arroyitoonline.com.ar\/index.php?rest_route=\/wp\/v2\/posts"}],"about":[{"href":"https:\/\/arroyitoonline.com.ar\/index.php?rest_route=\/wp\/v2\/types\/post"}],"author":[{"embeddable":true,"href":"https:\/\/arroyitoonline.com.ar\/index.php?rest_route=\/wp\/v2\/users\/3"}],"replies":[{"embeddable":true,"href":"https:\/\/arroyitoonline.com.ar\/index.php?rest_route=%2Fwp%2Fv2%2Fcomments&post=3558"}],"version-history":[{"count":1,"href":"https:\/\/arroyitoonline.com.ar\/index.php?rest_route=\/wp\/v2\/posts\/3558\/revisions"}],"predecessor-version":[{"id":3560,"href":"https:\/\/arroyitoonline.com.ar\/index.php?rest_route=\/wp\/v2\/posts\/3558\/revisions\/3560"}],"wp:featuredmedia":[{"embeddable":true,"href":"https:\/\/arroyitoonline.com.ar\/index.php?rest_route=\/wp\/v2\/media\/3559"}],"wp:attachment":[{"href":"https:\/\/arroyitoonline.com.ar\/index.php?rest_route=%2Fwp%2Fv2%2Fmedia&parent=3558"}],"wp:term":[{"taxonomy":"category","embeddable":true,"href":"https:\/\/arroyitoonline.com.ar\/index.php?rest_route=%2Fwp%2Fv2%2Fcategories&post=3558"},{"taxonomy":"post_tag","embeddable":true,"href":"https:\/\/arroyitoonline.com.ar\/index.php?rest_route=%2Fwp%2Fv2%2Ftags&post=3558"}],"curies":[{"name":"wp","href":"https:\/\/api.w.org\/{rel}","templated":true}]}}