{"id":3572,"date":"2019-05-04T23:32:15","date_gmt":"2019-05-04T23:32:15","guid":{"rendered":"http:\/\/arroyitoonline.com.ar\/?p=3572"},"modified":"2019-05-16T18:36:52","modified_gmt":"2019-05-16T18:36:52","slug":"lafarina-se-reunio-con-el-decano-de-economicas-de-la-unc-y-prometio-el-campus-este","status":"publish","type":"post","link":"https:\/\/arroyitoonline.com.ar\/?p=3572","title":{"rendered":"Lafarina se reuni\u00f3 con el decano de Econ\u00f3micas de la UNC y prometi\u00f3 el Campus Este"},"content":{"rendered":"\n<p><strong>El precandidato a intendente radical por la l\u00ednea craverista ratific\u00f3\nla necesidad de que Arroyito cuente con educaci\u00f3n p\u00fablica y gratuita.<\/strong><\/p>\n\n\n\n<p>El precandidato a intendente\nradical por la l\u00ednea craverista, Daniel Lafarina, contin\u00faa con su campa\u00f1a de\ncara a las elecciones locales de este a\u00f1o, a\u00fan sin fecha confirmada.<\/p>\n\n\n\n<p>En esa l\u00ednea, semanas atr\u00e1s <a href=\"http:\/\/arroyitoonline.com.ar\/info-online\/educacion-online\/lafarina-gestiona-educacion-publica-y-gratuita-para-arroyito\/\">se hab\u00eda reunido con el decano de la Facultad de Ciencias Agropecuarias de la Universidad Nacional de C\u00f3rdoba<\/a>, y el pasado jueves lo hizo con su par de la Facultad de Ciencias Econ\u00f3micas de la UNC, Jhon Boretto.<\/p>\n\n\n\n<p>En el marco del encuentro, el\ningeniero civil ratific\u00f3 que la educaci\u00f3n es su gran preocupaci\u00f3n y <em>que \u201ces hora de que los arroyitenses\ntengamos un campus universitario, donde todos podamos acceder a la formaci\u00f3n\np\u00fablica, gratuita y de calidad\u201d<\/em>.<\/p>\n\n\n\n<p><br> Adem\u00e1s, Lafarina explic\u00f3 que <em>\u201cJhon, que es un convencido de que la universidad tiene que estar en los lugares donde hay m\u00e1s progreso y desarrollo, nos recibi\u00f3 muy bien y nos manifest\u00f3 que reconoce la importancia de nuestra ciudad, tanto para el departamento San Justo como para la provincia de C\u00f3rdoba\u201d<\/em>. <\/p>\n\n\n\n<p><br>\nEl potencial de Arroyito como centro de la regi\u00f3n tambi\u00e9n fue un tema de\nconversaci\u00f3n durante la reuni\u00f3n. En la charla tom\u00f3 fuerza la propuesta del\nCampus Este, <em>\u201cnuestro proyecto para la\nconstrucci\u00f3n de un Polo Educativo, articulando lo p\u00fablico con lo privado, como creemos\nque siempre es la manera de resolver las necesidades de los vecinos\u201d<\/em>,\nse\u00f1al\u00f3 el elegido de Cravero para sucederlo.<\/p>\n\n\n\n<p>Por otra parte, el hoy secretario\nmunicipal de Obras P\u00fablicas eval\u00faa la posibilidad de que en Arroyito puedan\ndictarse los dos primeros a\u00f1os del ciclo b\u00e1sico de las carreras de Ciencias\nEcon\u00f3micas.<\/p>\n\n\n\n<p><em>\u201cEstamos convencidos de que se vienen cosas importantes para nuestra ciudad donde todo lo bueno es posible, con propuestas s\u00f3lidas y concretas pensando en un Arroyito 2023. Arroyito y sus j\u00f3venes necesitan que se concrete este proyecto y vamos a luchar por eso\u201d<\/em>, finaliz\u00f3 Daniel. <\/p>\n","protected":false},"excerpt":{"rendered":"<p>El precandidato a intendente radical por la l\u00ednea craverista ratific\u00f3 la necesidad de que Arroyito cuente con educaci\u00f3n p\u00fablica y&hellip;<\/p>\n","protected":false},"author":3,"featured_media":3573,"comment_status":"closed","ping_status":"open","sticky":false,"template":"","format":"standard","meta":{"footnotes":""},"categories":[830,8],"tags":[13,66,67,836,253,837,527,640,906,785],"class_list":["post-3572","post","type-post","status-publish","format-standard","has-post-thumbnail","hentry","category-educacion-online","category-politica","tag-13","tag-arroyito","tag-arroyito-cordoba","tag-arroyito-online","tag-cravero","tag-lafarina","tag-mauricio-cravero","tag-politica","tag-unc","tag-universidad"],"_links":{"self":[{"href":"https:\/\/arroyitoonline.com.ar\/index.php?rest_route=\/wp\/v2\/posts\/3572","targetHints":{"allow":["GET"]}}],"collection":[{"href":"https:\/\/arroyitoonline.com.ar\/index.php?rest_route=\/wp\/v2\/posts"}],"about":[{"href":"https:\/\/arroyitoonline.com.ar\/index.php?rest_route=\/wp\/v2\/types\/post"}],"author":[{"embeddable":true,"href":"https:\/\/arroyitoonline.com.ar\/index.php?rest_route=\/wp\/v2\/users\/3"}],"replies":[{"embeddable":true,"href":"https:\/\/arroyitoonline.com.ar\/index.php?rest_route=%2Fwp%2Fv2%2Fcomments&post=3572"}],"version-history":[{"count":2,"href":"https:\/\/arroyitoonline.com.ar\/index.php?rest_route=\/wp\/v2\/posts\/3572\/revisions"}],"predecessor-version":[{"id":3576,"href":"https:\/\/arroyitoonline.com.ar\/index.php?rest_route=\/wp\/v2\/posts\/3572\/revisions\/3576"}],"wp:featuredmedia":[{"embeddable":true,"href":"https:\/\/arroyitoonline.com.ar\/index.php?rest_route=\/wp\/v2\/media\/3573"}],"wp:attachment":[{"href":"https:\/\/arroyitoonline.com.ar\/index.php?rest_route=%2Fwp%2Fv2%2Fmedia&parent=3572"}],"wp:term":[{"taxonomy":"category","embeddable":true,"href":"https:\/\/arroyitoonline.com.ar\/index.php?rest_route=%2Fwp%2Fv2%2Fcategories&post=3572"},{"taxonomy":"post_tag","embeddable":true,"href":"https:\/\/arroyitoonline.com.ar\/index.php?rest_route=%2Fwp%2Fv2%2Ftags&post=3572"}],"curies":[{"name":"wp","href":"https:\/\/api.w.org\/{rel}","templated":true}]}}