{"id":3610,"date":"2019-05-03T17:17:59","date_gmt":"2019-05-03T17:17:59","guid":{"rendered":"http:\/\/arroyitoonline.com.ar\/?p=3610"},"modified":"2019-05-05T17:25:45","modified_gmt":"2019-05-05T17:25:45","slug":"la-escuela-jose-gimenez-lagos-cumple-98-anos","status":"publish","type":"post","link":"https:\/\/arroyitoonline.com.ar\/?p=3610","title":{"rendered":"La Escuela Jos\u00e9 Gim\u00e9nez Lagos cumple 98 a\u00f1os"},"content":{"rendered":"\n<p>Hoy viernes 3 de mayo de 2019, la Escuela Jos\u00e9 Gim\u00e9nez Lagos cumple 98 a\u00f1os. Por ese motivo, el intendente Mauricio Cravero y su equipo de gobierno felicitan a la instituci\u00f3n, en este nuevo aniversario de su fundaci\u00f3n. <\/p>\n\n\n\n<p><em>\u201cHoy no es un d\u00eda m\u00e1s, es un d\u00eda muy importante para todos nosotros, esta instituci\u00f3n ha trabajado incansablemente por la educaci\u00f3n de nuestros ni\u00f1os sobre todo en el querido sector sur de Arroyito&#8221;<\/em>, se\u00f1al\u00f3 el primer mandatario local, al tiempo que indic\u00f3 que <em>&#8220;como intendente quiero dejar mi felicitaciones desde la directora hasta el \u00faltimo que trabaja en la escuela, agradeciendo por lo que hacen por nuestros hijos\u201d<\/em>.<\/p>\n\n\n\n<p><strong>Rese\u00f1a hist\u00f3rica<\/strong><\/p>\n\n\n\n<p>El 3 de mayo de 1921 fue creada la escuela Nacional N\u00ba 198 en Colonia Villa Ulla, m\u00e1s tarde rectificada por Pozo del Chaj\u00e1, situado en Departamento San Justo, Provincia de C\u00f3rdoba.<\/p>\n\n\n\n<p>Su fundador y primer director fue Jos\u00e9 Gim\u00e9nez Lagos. Iniciaron las clases con una inscripci\u00f3n de 50 alumnos, mientras su edificio era construido en barro.<\/p>\n\n\n\n<p>El 11 de septiembre de 1928, por orden de la Superioridad, la escuela fue trasladada a Estaci\u00f3n Arroyito que contaba con numerosa poblaci\u00f3n escolar y con un edificio apto para su funcionamiento, cedido de manera gratuita por el t\u00e9rmino de dos a\u00f1os, por Dalle Mura hermanos, en la esquina formada por las calle Avellaneda y Urquiza.<\/p>\n\n\n\n<p>En el a\u00f1o 1951 se inaugur\u00f3 el edificio propio, perteneciente al Primer Plan Quinquenal que puso en funcionamiento el expresidente de la Naci\u00f3n, general Juan Domingo Per\u00f3n.<\/p>\n\n\n\n<p>El acto, que se trasmiti\u00f3 por la Red Nacional, fue compartido en forma simult\u00e1nea con las otras escuelas y escuchando en formaci\u00f3n de los alumnos, de docentes, padres y vecinos.<\/p>\n\n\n\n<p>Fuente: Prensa Municipal. <\/p>\n","protected":false},"excerpt":{"rendered":"<p>Hoy viernes 3 de mayo de 2019, la Escuela Jos\u00e9 Gim\u00e9nez Lagos cumple 98 a\u00f1os. Por ese motivo, el intendente&hellip;<\/p>\n","protected":false},"author":3,"featured_media":3611,"comment_status":"closed","ping_status":"open","sticky":false,"template":"","format":"standard","meta":{"footnotes":""},"categories":[830],"tags":[66,67,836,253,310,952,527,556],"class_list":["post-3610","post","type-post","status-publish","format-standard","has-post-thumbnail","hentry","category-educacion-online","tag-arroyito","tag-arroyito-cordoba","tag-arroyito-online","tag-cravero","tag-educacion","tag-escuela-jose-gimenez-lagos","tag-mauricio-cravero","tag-municipalidad-de-arroyito"],"_links":{"self":[{"href":"https:\/\/arroyitoonline.com.ar\/index.php?rest_route=\/wp\/v2\/posts\/3610","targetHints":{"allow":["GET"]}}],"collection":[{"href":"https:\/\/arroyitoonline.com.ar\/index.php?rest_route=\/wp\/v2\/posts"}],"about":[{"href":"https:\/\/arroyitoonline.com.ar\/index.php?rest_route=\/wp\/v2\/types\/post"}],"author":[{"embeddable":true,"href":"https:\/\/arroyitoonline.com.ar\/index.php?rest_route=\/wp\/v2\/users\/3"}],"replies":[{"embeddable":true,"href":"https:\/\/arroyitoonline.com.ar\/index.php?rest_route=%2Fwp%2Fv2%2Fcomments&post=3610"}],"version-history":[{"count":1,"href":"https:\/\/arroyitoonline.com.ar\/index.php?rest_route=\/wp\/v2\/posts\/3610\/revisions"}],"predecessor-version":[{"id":3612,"href":"https:\/\/arroyitoonline.com.ar\/index.php?rest_route=\/wp\/v2\/posts\/3610\/revisions\/3612"}],"wp:featuredmedia":[{"embeddable":true,"href":"https:\/\/arroyitoonline.com.ar\/index.php?rest_route=\/wp\/v2\/media\/3611"}],"wp:attachment":[{"href":"https:\/\/arroyitoonline.com.ar\/index.php?rest_route=%2Fwp%2Fv2%2Fmedia&parent=3610"}],"wp:term":[{"taxonomy":"category","embeddable":true,"href":"https:\/\/arroyitoonline.com.ar\/index.php?rest_route=%2Fwp%2Fv2%2Fcategories&post=3610"},{"taxonomy":"post_tag","embeddable":true,"href":"https:\/\/arroyitoonline.com.ar\/index.php?rest_route=%2Fwp%2Fv2%2Ftags&post=3610"}],"curies":[{"name":"wp","href":"https:\/\/api.w.org\/{rel}","templated":true}]}}